{"id":5555,"date":"2026-04-01T09:51:17","date_gmt":"2026-04-01T07:51:17","guid":{"rendered":"https:\/\/iesomendavia.educacion.navarra.es\/web1\/?p=5555"},"modified":"2026-04-01T09:51:18","modified_gmt":"2026-04-01T07:51:18","slug":"semana-blanca-25-26-2","status":"publish","type":"post","link":"https:\/\/iesomendavia.educacion.navarra.es\/web1\/blog\/2026\/04\/01\/semana-blanca-25-26-2\/","title":{"rendered":"Semana Blanca 25-26"},"content":{"rendered":"\n<p>El alumnado de 2\u00ba curso acudi\u00f3 la semana del 16 de marzo a Isaba para disfrutar de la semana blanca. Realizaron actividades de esqu\u00ed y tambi\u00e9n actividades alternativas como una gymkhana, teatro o juegos. El tiempo les acompa\u00f1\u00f3 permiti\u00e9ndoles disfrutar de la experiencia.<\/p>\n\n\n\n<figure class=\"wp-block-gallery has-nested-images columns-default is-cropped\">\n<figure class=\"wp-block-image size-large\"><a href=\"https:\/\/iesomendavia.educacion.navarra.es\/web1\/wp-content\/uploads\/2026\/04\/PXL_20260319_131802429.jpg\"><img loading=\"lazy\" width=\"768\" height=\"1024\" data-id=\"5556\"  src=\"https:\/\/iesomendavia.educacion.navarra.es\/web1\/wp-content\/uploads\/2026\/04\/PXL_20260319_131802429-768x1024.jpg\" alt=\"\" class=\"wp-image-5556\" srcset=\"https:\/\/iesomendavia.educacion.navarra.es\/web1\/wp-content\/uploads\/2026\/04\/PXL_20260319_131802429-768x1024.jpg 768w, https:\/\/iesomendavia.educacion.navarra.es\/web1\/wp-content\/uploads\/2026\/04\/PXL_20260319_131802429-225x300.jpg 225w, https:\/\/iesomendavia.educacion.navarra.es\/web1\/wp-content\/uploads\/2026\/04\/PXL_20260319_131802429.jpg 960w\" sizes=\"(max-width: 768px) 100vw, 768px\" \/><\/a><\/figure>\n\n\n\n<figure class=\"wp-block-image size-large\"><a href=\"https:\/\/iesomendavia.educacion.navarra.es\/web1\/wp-content\/uploads\/2026\/04\/PXL_20260317_100542918.jpg\"><img loading=\"lazy\" width=\"1024\" height=\"768\" data-id=\"5557\"  src=\"https:\/\/iesomendavia.educacion.navarra.es\/web1\/wp-content\/uploads\/2026\/04\/PXL_20260317_100542918-1024x768.jpg\" alt=\"\" class=\"wp-image-5557\" srcset=\"https:\/\/iesomendavia.educacion.navarra.es\/web1\/wp-content\/uploads\/2026\/04\/PXL_20260317_100542918-1024x768.jpg 1024w, https:\/\/iesomendavia.educacion.navarra.es\/web1\/wp-content\/uploads\/2026\/04\/PXL_20260317_100542918-300x225.jpg 300w, https:\/\/iesomendavia.educacion.navarra.es\/web1\/wp-content\/uploads\/2026\/04\/PXL_20260317_100542918-768x576.jpg 768w, https:\/\/iesomendavia.educacion.navarra.es\/web1\/wp-content\/uploads\/2026\/04\/PXL_20260317_100542918.jpg 1280w\" sizes=\"(max-width: 1024px) 100vw, 1024px\" \/><\/a><\/figure>\n<\/figure>\n","protected":false},"excerpt":{"rendered":"<p>El alumnado de 2\u00ba curso acudi\u00f3 la semana del 16 de marzo a Isaba para disfrutar de la semana blanca. Realizaron actividades de esqu\u00ed y tambi\u00e9n actividades alternativas como una gymkhana, teatro o juegos. El tiempo les acompa\u00f1\u00f3 permiti\u00e9ndoles disfrutar de la experiencia.<\/p>\n","protected":false},"author":1,"featured_media":0,"comment_status":"open","ping_status":"open","sticky":false,"template":"","format":"standard","meta":{"_genesis_hide_title":false,"_genesis_hide_breadcrumbs":false,"_genesis_hide_singular_image":false,"_genesis_hide_footer_widgets":false,"_genesis_custom_body_class":"","_genesis_custom_post_class":"","_genesis_layout":""},"categories":[6,56,1],"tags":[],"_links":{"self":[{"href":"https:\/\/iesomendavia.educacion.navarra.es\/web1\/wp-json\/wp\/v2\/posts\/5555"}],"collection":[{"href":"https:\/\/iesomendavia.educacion.navarra.es\/web1\/wp-json\/wp\/v2\/posts"}],"about":[{"href":"https:\/\/iesomendavia.educacion.navarra.es\/web1\/wp-json\/wp\/v2\/types\/post"}],"author":[{"embeddable":true,"href":"https:\/\/iesomendavia.educacion.navarra.es\/web1\/wp-json\/wp\/v2\/users\/1"}],"replies":[{"embeddable":true,"href":"https:\/\/iesomendavia.educacion.navarra.es\/web1\/wp-json\/wp\/v2\/comments?post=5555"}],"version-history":[{"count":1,"href":"https:\/\/iesomendavia.educacion.navarra.es\/web1\/wp-json\/wp\/v2\/posts\/5555\/revisions"}],"predecessor-version":[{"id":5558,"href":"https:\/\/iesomendavia.educacion.navarra.es\/web1\/wp-json\/wp\/v2\/posts\/5555\/revisions\/5558"}],"wp:attachment":[{"href":"https:\/\/iesomendavia.educacion.navarra.es\/web1\/wp-json\/wp\/v2\/media?parent=5555"}],"wp:term":[{"taxonomy":"category","embeddable":true,"href":"https:\/\/iesomendavia.educacion.navarra.es\/web1\/wp-json\/wp\/v2\/categories?post=5555"},{"taxonomy":"post_tag","embeddable":true,"href":"https:\/\/iesomendavia.educacion.navarra.es\/web1\/wp-json\/wp\/v2\/tags?post=5555"}],"curies":[{"name":"wp","href":"https:\/\/api.w.org\/{rel}","templated":true}]}}