{"id":5490,"date":"2026-02-18T10:16:57","date_gmt":"2026-02-18T09:16:57","guid":{"rendered":"https:\/\/iesomendavia.educacion.navarra.es\/web1\/?p=5490"},"modified":"2026-02-18T10:18:06","modified_gmt":"2026-02-18T09:18:06","slug":"dia-de-las-crepes-2026","status":"publish","type":"post","link":"https:\/\/iesomendavia.educacion.navarra.es\/web1\/blog\/2026\/02\/18\/dia-de-las-crepes-2026\/","title":{"rendered":"D\u00eda de las Crepes 2026"},"content":{"rendered":"\n<div class=\"wp-block-image\"><figure class=\"alignright size-full is-resized\"><img loading=\"lazy\" src=\"https:\/\/iesomendavia.educacion.navarra.es\/web1\/wp-content\/uploads\/2026\/02\/20260204_120108.jpg\" alt=\"\" class=\"wp-image-5493\" width=\"405\" height=\"381\" srcset=\"https:\/\/iesomendavia.educacion.navarra.es\/web1\/wp-content\/uploads\/2026\/02\/20260204_120108.jpg 764w, https:\/\/iesomendavia.educacion.navarra.es\/web1\/wp-content\/uploads\/2026\/02\/20260204_120108-300x283.jpg 300w\" sizes=\"(max-width: 405px) 100vw, 405px\" \/><\/figure><\/div>\n\n\n\n<p>\u00a1\u00a1Concurso de la m\u00e1s bonita crepe!!<\/p>\n\n\n\n<p>Mi\u00e9rcoles 4 de febrero, el alumnado de franc\u00e9s de CPEIP San Francisco Javier y del IESO Joaquin Romera han celebrado el d\u00eda de la Candelaria. Alumnado de primaria y secundaria han creado, por grupos, \u201cLa m\u00e1s bonita crepe\u201d.&nbsp;Pudimos descubrir los talentos culinarios del alumnado y su apetito por las crepes.Recibir\u00e1n por su colaboraci\u00f3n una chapa \u201cChef des cr\u00eapes 2026\u201d.&nbsp;<\/p>\n\n\n\n<p>Los ganadores son:&nbsp;<\/p>\n\n\n\n<ul><li>SIX SEVEN GRRRR: 1\u00ba Y 2\u00ba ESO: Luc\u00eda, Noa, Marina \/ 4\u00ba Prim: Anass, Esther<\/li><li>Le Roi de l\u2019amour: 3\u00ba ESO: Marwa,Laura Nu\u00f1ez \/ 5\u00ba Prim: Aya ,Rebeca, Kawtar<\/li><\/ul>\n\n\n\n<p>Nos lo pasamos todos muy bien. \u00a1\u00a1A repetir!!<\/p>\n\n\n\n<div class=\"wp-block-image\"><figure class=\"alignright size-full is-resized\"><img loading=\"lazy\" src=\"https:\/\/iesomendavia.educacion.navarra.es\/web1\/wp-content\/uploads\/2026\/02\/20260204_101704.jpg\" alt=\"\" class=\"wp-image-5491\" width=\"403\" height=\"453\" srcset=\"https:\/\/iesomendavia.educacion.navarra.es\/web1\/wp-content\/uploads\/2026\/02\/20260204_101704.jpg 640w, https:\/\/iesomendavia.educacion.navarra.es\/web1\/wp-content\/uploads\/2026\/02\/20260204_101704-267x300.jpg 267w\" sizes=\"(max-width: 403px) 100vw, 403px\" \/><\/figure><\/div>\n\n\n\n<p>Concours de la plus jolie cr\u00eape!!<\/p>\n\n\n\n<p>Mercredi 4 f\u00e9vrier, les \u00e9l\u00e8ves de fran\u00e7ais de l\u2019\u00e9cole primaire San Francisco Javier et du coll\u00e8ge Joaquin Romera ont f\u00eat\u00e9 le jour de la Chandeleur. Les \u00e9l\u00e8ves du primaire et du secondaire ont cr\u00e9\u00e9, en groupe, \u201cLa plus jolie cr\u00eape\u201d. Nous avons pu d\u00e9couvrir les talents de cuisine des \u00e9l\u00e8ves et leur app\u00e9tit pour les cr\u00eapes. Ils recevront&nbsp; pour leur collaboration un badge \u201cChef des cr\u00eapes 2026\u201d.<\/p>\n\n\n\n<p>Les gagnants sont:<\/p>\n\n\n\n<ul><li>SIX SEVEN GRRRR: 1\u00ba Y 2\u00ba ESO: Luc\u00eda, Noa, Marina \/ 4\u00ba Prim: Anass, Esther<\/li><li>Le Roi de l\u2019amour: 3\u00ba ESO: Marwa,Laura Nu\u00f1ez \/ 5\u00ba Prim: Aya ,Rebeca, Kawtar<\/li><\/ul>\n\n\n\n<p>&nbsp;Nous nous sommes bien amus\u00e9s tous ensemble!! On recommence quand?<\/p>\n","protected":false},"excerpt":{"rendered":"<p>\u00a1\u00a1Concurso de la m\u00e1s bonita crepe!! Mi\u00e9rcoles 4 de febrero, el alumnado de franc\u00e9s de CPEIP San Francisco Javier y del IESO Joaquin Romera han celebrado el d\u00eda de la Candelaria. Alumnado de primaria y secundaria han creado, por grupos, \u201cLa m\u00e1s bonita crepe\u201d.&nbsp;Pudimos descubrir los talentos culinarios del alumnado y su apetito por las [&hellip;]<\/p>\n","protected":false},"author":1,"featured_media":0,"comment_status":"open","ping_status":"open","sticky":false,"template":"","format":"standard","meta":{"_genesis_hide_title":false,"_genesis_hide_breadcrumbs":false,"_genesis_hide_singular_image":false,"_genesis_hide_footer_widgets":false,"_genesis_custom_body_class":"","_genesis_custom_post_class":"","_genesis_layout":""},"categories":[6,95,1],"tags":[],"_links":{"self":[{"href":"https:\/\/iesomendavia.educacion.navarra.es\/web1\/wp-json\/wp\/v2\/posts\/5490"}],"collection":[{"href":"https:\/\/iesomendavia.educacion.navarra.es\/web1\/wp-json\/wp\/v2\/posts"}],"about":[{"href":"https:\/\/iesomendavia.educacion.navarra.es\/web1\/wp-json\/wp\/v2\/types\/post"}],"author":[{"embeddable":true,"href":"https:\/\/iesomendavia.educacion.navarra.es\/web1\/wp-json\/wp\/v2\/users\/1"}],"replies":[{"embeddable":true,"href":"https:\/\/iesomendavia.educacion.navarra.es\/web1\/wp-json\/wp\/v2\/comments?post=5490"}],"version-history":[{"count":1,"href":"https:\/\/iesomendavia.educacion.navarra.es\/web1\/wp-json\/wp\/v2\/posts\/5490\/revisions"}],"predecessor-version":[{"id":5494,"href":"https:\/\/iesomendavia.educacion.navarra.es\/web1\/wp-json\/wp\/v2\/posts\/5490\/revisions\/5494"}],"wp:attachment":[{"href":"https:\/\/iesomendavia.educacion.navarra.es\/web1\/wp-json\/wp\/v2\/media?parent=5490"}],"wp:term":[{"taxonomy":"category","embeddable":true,"href":"https:\/\/iesomendavia.educacion.navarra.es\/web1\/wp-json\/wp\/v2\/categories?post=5490"},{"taxonomy":"post_tag","embeddable":true,"href":"https:\/\/iesomendavia.educacion.navarra.es\/web1\/wp-json\/wp\/v2\/tags?post=5490"}],"curies":[{"name":"wp","href":"https:\/\/api.w.org\/{rel}","templated":true}]}}