{"id":5475,"date":"2026-01-08T14:51:43","date_gmt":"2026-01-08T13:51:43","guid":{"rendered":"https:\/\/iesomendavia.educacion.navarra.es\/web1\/?p=5475"},"modified":"2026-01-08T14:51:44","modified_gmt":"2026-01-08T13:51:44","slug":"mercadillo-solidario-2","status":"publish","type":"post","link":"https:\/\/iesomendavia.educacion.navarra.es\/web1\/blog\/2026\/01\/08\/mercadillo-solidario-2\/","title":{"rendered":"Mercadillo solidario"},"content":{"rendered":"\n<p>El 17 de diciembre llevamos a cabo el \u00abMercadillo Sostenible\/Solidario\u00bb.El alumnado de UCE y de Religi\u00f3n estuvieron en La Carrera de 10:00 a 13:00 vendiendo adornos navide\u00f1os\u00a0realizados por ellos mismos con material de reciclaje.Se recaudaron 320 euros que se donaron a la asociaci\u00f3n ADANO de Pamplona.El alumnado se esmer\u00f3 mucho en la realizaci\u00f3n de estos adornos y en la venta de los mismos siendo para ellos y ellas una gran experiencia de empat\u00eda y solidaridad, a la vez de ser una toma de conciencia del cuidado del Medio Ambiente.<\/p>\n\n\n\n<figure class=\"wp-block-gallery has-nested-images columns-default is-cropped\">\n<figure class=\"wp-block-image size-large\"><a href=\"https:\/\/iesomendavia.educacion.navarra.es\/web1\/wp-content\/uploads\/2026\/01\/20251217_1021501.jpg\"><img loading=\"lazy\" width=\"1024\" height=\"768\" data-id=\"5476\"  src=\"https:\/\/iesomendavia.educacion.navarra.es\/web1\/wp-content\/uploads\/2026\/01\/20251217_1021501-1024x768.jpg\" alt=\"\" class=\"wp-image-5476\" srcset=\"https:\/\/iesomendavia.educacion.navarra.es\/web1\/wp-content\/uploads\/2026\/01\/20251217_1021501-1024x768.jpg 1024w, https:\/\/iesomendavia.educacion.navarra.es\/web1\/wp-content\/uploads\/2026\/01\/20251217_1021501-300x225.jpg 300w, https:\/\/iesomendavia.educacion.navarra.es\/web1\/wp-content\/uploads\/2026\/01\/20251217_1021501-768x576.jpg 768w, https:\/\/iesomendavia.educacion.navarra.es\/web1\/wp-content\/uploads\/2026\/01\/20251217_1021501-1536x1152.jpg 1536w, https:\/\/iesomendavia.educacion.navarra.es\/web1\/wp-content\/uploads\/2026\/01\/20251217_1021501-2048x1536.jpg 2048w\" sizes=\"(max-width: 1024px) 100vw, 1024px\" \/><\/a><\/figure>\n\n\n\n<figure class=\"wp-block-image size-large\"><a href=\"https:\/\/iesomendavia.educacion.navarra.es\/web1\/wp-content\/uploads\/2026\/01\/20251217_1022121.jpg\"><img loading=\"lazy\" width=\"1024\" height=\"605\" data-id=\"5478\"  src=\"https:\/\/iesomendavia.educacion.navarra.es\/web1\/wp-content\/uploads\/2026\/01\/20251217_1022121-1024x605.jpg\" alt=\"\" class=\"wp-image-5478\" srcset=\"https:\/\/iesomendavia.educacion.navarra.es\/web1\/wp-content\/uploads\/2026\/01\/20251217_1022121-1024x605.jpg 1024w, https:\/\/iesomendavia.educacion.navarra.es\/web1\/wp-content\/uploads\/2026\/01\/20251217_1022121-300x177.jpg 300w, https:\/\/iesomendavia.educacion.navarra.es\/web1\/wp-content\/uploads\/2026\/01\/20251217_1022121-768x454.jpg 768w, https:\/\/iesomendavia.educacion.navarra.es\/web1\/wp-content\/uploads\/2026\/01\/20251217_1022121.jpg 1280w\" sizes=\"(max-width: 1024px) 100vw, 1024px\" \/><\/a><\/figure>\n\n\n\n<figure class=\"wp-block-image size-large\"><a href=\"https:\/\/iesomendavia.educacion.navarra.es\/web1\/wp-content\/uploads\/2026\/01\/20251217_103744.jpg\"><img loading=\"lazy\" width=\"1024\" height=\"612\" data-id=\"5479\"  src=\"https:\/\/iesomendavia.educacion.navarra.es\/web1\/wp-content\/uploads\/2026\/01\/20251217_103744-1024x612.jpg\" alt=\"\" class=\"wp-image-5479\" srcset=\"https:\/\/iesomendavia.educacion.navarra.es\/web1\/wp-content\/uploads\/2026\/01\/20251217_103744-1024x612.jpg 1024w, https:\/\/iesomendavia.educacion.navarra.es\/web1\/wp-content\/uploads\/2026\/01\/20251217_103744-300x179.jpg 300w, https:\/\/iesomendavia.educacion.navarra.es\/web1\/wp-content\/uploads\/2026\/01\/20251217_103744-768x459.jpg 768w, https:\/\/iesomendavia.educacion.navarra.es\/web1\/wp-content\/uploads\/2026\/01\/20251217_103744.jpg 1280w\" sizes=\"(max-width: 1024px) 100vw, 1024px\" \/><\/a><\/figure>\n\n\n\n<figure class=\"wp-block-image size-large\"><a href=\"https:\/\/iesomendavia.educacion.navarra.es\/web1\/wp-content\/uploads\/2026\/01\/20251217_1037451.jpg\"><img loading=\"lazy\" width=\"1024\" height=\"584\" data-id=\"5477\"  src=\"https:\/\/iesomendavia.educacion.navarra.es\/web1\/wp-content\/uploads\/2026\/01\/20251217_1037451-1024x584.jpg\" alt=\"\" class=\"wp-image-5477\" srcset=\"https:\/\/iesomendavia.educacion.navarra.es\/web1\/wp-content\/uploads\/2026\/01\/20251217_1037451-1024x584.jpg 1024w, https:\/\/iesomendavia.educacion.navarra.es\/web1\/wp-content\/uploads\/2026\/01\/20251217_1037451-300x171.jpg 300w, https:\/\/iesomendavia.educacion.navarra.es\/web1\/wp-content\/uploads\/2026\/01\/20251217_1037451-768x438.jpg 768w, https:\/\/iesomendavia.educacion.navarra.es\/web1\/wp-content\/uploads\/2026\/01\/20251217_1037451.jpg 1280w\" sizes=\"(max-width: 1024px) 100vw, 1024px\" \/><\/a><\/figure>\n\n\n\n<figure class=\"wp-block-image size-large\"><a href=\"https:\/\/iesomendavia.educacion.navarra.es\/web1\/wp-content\/uploads\/2026\/01\/20251217_10524011.jpg\"><img loading=\"lazy\" width=\"1024\" height=\"599\" data-id=\"5480\"  src=\"https:\/\/iesomendavia.educacion.navarra.es\/web1\/wp-content\/uploads\/2026\/01\/20251217_10524011-1024x599.jpg\" alt=\"\" class=\"wp-image-5480\" srcset=\"https:\/\/iesomendavia.educacion.navarra.es\/web1\/wp-content\/uploads\/2026\/01\/20251217_10524011-1024x599.jpg 1024w, https:\/\/iesomendavia.educacion.navarra.es\/web1\/wp-content\/uploads\/2026\/01\/20251217_10524011-300x176.jpg 300w, https:\/\/iesomendavia.educacion.navarra.es\/web1\/wp-content\/uploads\/2026\/01\/20251217_10524011-768x449.jpg 768w, https:\/\/iesomendavia.educacion.navarra.es\/web1\/wp-content\/uploads\/2026\/01\/20251217_10524011.jpg 1280w\" sizes=\"(max-width: 1024px) 100vw, 1024px\" \/><\/a><\/figure>\n<\/figure>\n","protected":false},"excerpt":{"rendered":"<p>El 17 de diciembre llevamos a cabo el \u00abMercadillo Sostenible\/Solidario\u00bb.El alumnado de UCE y de Religi\u00f3n estuvieron en La Carrera de 10:00 a 13:00 vendiendo adornos navide\u00f1os\u00a0realizados por ellos mismos con material de reciclaje.Se recaudaron 320 euros que se donaron a la asociaci\u00f3n ADANO de Pamplona.El alumnado se esmer\u00f3 mucho en la realizaci\u00f3n de estos [&hellip;]<\/p>\n","protected":false},"author":1,"featured_media":0,"comment_status":"open","ping_status":"open","sticky":false,"template":"","format":"standard","meta":{"_genesis_hide_title":false,"_genesis_hide_breadcrumbs":false,"_genesis_hide_singular_image":false,"_genesis_hide_footer_widgets":false,"_genesis_custom_body_class":"","_genesis_custom_post_class":"","_genesis_layout":""},"categories":[6,91],"tags":[],"_links":{"self":[{"href":"https:\/\/iesomendavia.educacion.navarra.es\/web1\/wp-json\/wp\/v2\/posts\/5475"}],"collection":[{"href":"https:\/\/iesomendavia.educacion.navarra.es\/web1\/wp-json\/wp\/v2\/posts"}],"about":[{"href":"https:\/\/iesomendavia.educacion.navarra.es\/web1\/wp-json\/wp\/v2\/types\/post"}],"author":[{"embeddable":true,"href":"https:\/\/iesomendavia.educacion.navarra.es\/web1\/wp-json\/wp\/v2\/users\/1"}],"replies":[{"embeddable":true,"href":"https:\/\/iesomendavia.educacion.navarra.es\/web1\/wp-json\/wp\/v2\/comments?post=5475"}],"version-history":[{"count":1,"href":"https:\/\/iesomendavia.educacion.navarra.es\/web1\/wp-json\/wp\/v2\/posts\/5475\/revisions"}],"predecessor-version":[{"id":5481,"href":"https:\/\/iesomendavia.educacion.navarra.es\/web1\/wp-json\/wp\/v2\/posts\/5475\/revisions\/5481"}],"wp:attachment":[{"href":"https:\/\/iesomendavia.educacion.navarra.es\/web1\/wp-json\/wp\/v2\/media?parent=5475"}],"wp:term":[{"taxonomy":"category","embeddable":true,"href":"https:\/\/iesomendavia.educacion.navarra.es\/web1\/wp-json\/wp\/v2\/categories?post=5475"},{"taxonomy":"post_tag","embeddable":true,"href":"https:\/\/iesomendavia.educacion.navarra.es\/web1\/wp-json\/wp\/v2\/tags?post=5475"}],"curies":[{"name":"wp","href":"https:\/\/api.w.org\/{rel}","templated":true}]}}