{"id":5411,"date":"2025-11-03T09:39:58","date_gmt":"2025-11-03T08:39:58","guid":{"rendered":"https:\/\/iesomendavia.educacion.navarra.es\/web1\/?p=5411"},"modified":"2025-11-03T09:39:59","modified_gmt":"2025-11-03T08:39:59","slug":"un-lugar-para-convivir","status":"publish","type":"post","link":"https:\/\/iesomendavia.educacion.navarra.es\/web1\/blog\/2025\/11\/03\/un-lugar-para-convivir\/","title":{"rendered":"Un lugar para convivir"},"content":{"rendered":"\n<p>Hace unos d\u00edas, el alumnado del grupo de Diversificaci\u00f3n dedic\u00f3 tiempo, ilusi\u00f3n y trabajo a construir preciosos\u00a0<strong>jardines verticales con palets reciclados<\/strong>\u00a0para llenar de vida y color nuestro patio.\u00a0 El otro d\u00eda, una parte de esas plantas ha aparecido arrancada. Y nos preguntamos\u2026 \u00bfpor qu\u00e9? \u00bfA qui\u00e9n se quiere da\u00f1ar con ese gesto? \u00bfAl profesorado? \u00bfAl alumnado que se esforz\u00f3 tanto? \u00bfO a todo el pueblo de\u00a0<strong>Mendavia<\/strong>, que comparte este espacio com\u00fan? No sabemos si seguir\u00e1n arrancando plantas,\u00a0 pero queremos decir que por cada planta que se arranque\u00a0<strong>plantaremos tres m\u00e1s<\/strong>. Porque no vamos a dejar de creer en el respeto, en el cuidado de lo que es de todos y todas, y en que\u00a0<strong>el instituto puede ser un lugar para convivir y crecer.<\/strong> Gracias y enhorabuena al alumnado que ha participado en este proyecto.Vuestro trabajo y vuestra actitud son la mejor semilla para que nuestro centro siga creciendo.<\/p>\n","protected":false},"excerpt":{"rendered":"<p>Hace unos d\u00edas, el alumnado del grupo de Diversificaci\u00f3n dedic\u00f3 tiempo, ilusi\u00f3n y trabajo a construir preciosos\u00a0jardines verticales con palets reciclados\u00a0para llenar de vida y color nuestro patio.\u00a0 El otro d\u00eda, una parte de esas plantas ha aparecido arrancada. Y nos preguntamos\u2026 \u00bfpor qu\u00e9? \u00bfA qui\u00e9n se quiere da\u00f1ar con ese gesto? \u00bfAl profesorado? \u00bfAl [&hellip;]<\/p>\n","protected":false},"author":1,"featured_media":0,"comment_status":"open","ping_status":"open","sticky":false,"template":"","format":"standard","meta":{"_genesis_hide_title":false,"_genesis_hide_breadcrumbs":false,"_genesis_hide_singular_image":false,"_genesis_hide_footer_widgets":false,"_genesis_custom_body_class":"","_genesis_custom_post_class":"","_genesis_layout":""},"categories":[56],"tags":[],"_links":{"self":[{"href":"https:\/\/iesomendavia.educacion.navarra.es\/web1\/wp-json\/wp\/v2\/posts\/5411"}],"collection":[{"href":"https:\/\/iesomendavia.educacion.navarra.es\/web1\/wp-json\/wp\/v2\/posts"}],"about":[{"href":"https:\/\/iesomendavia.educacion.navarra.es\/web1\/wp-json\/wp\/v2\/types\/post"}],"author":[{"embeddable":true,"href":"https:\/\/iesomendavia.educacion.navarra.es\/web1\/wp-json\/wp\/v2\/users\/1"}],"replies":[{"embeddable":true,"href":"https:\/\/iesomendavia.educacion.navarra.es\/web1\/wp-json\/wp\/v2\/comments?post=5411"}],"version-history":[{"count":1,"href":"https:\/\/iesomendavia.educacion.navarra.es\/web1\/wp-json\/wp\/v2\/posts\/5411\/revisions"}],"predecessor-version":[{"id":5412,"href":"https:\/\/iesomendavia.educacion.navarra.es\/web1\/wp-json\/wp\/v2\/posts\/5411\/revisions\/5412"}],"wp:attachment":[{"href":"https:\/\/iesomendavia.educacion.navarra.es\/web1\/wp-json\/wp\/v2\/media?parent=5411"}],"wp:term":[{"taxonomy":"category","embeddable":true,"href":"https:\/\/iesomendavia.educacion.navarra.es\/web1\/wp-json\/wp\/v2\/categories?post=5411"},{"taxonomy":"post_tag","embeddable":true,"href":"https:\/\/iesomendavia.educacion.navarra.es\/web1\/wp-json\/wp\/v2\/tags?post=5411"}],"curies":[{"name":"wp","href":"https:\/\/api.w.org\/{rel}","templated":true}]}}