{"id":5113,"date":"2024-12-19T10:38:00","date_gmt":"2024-12-19T09:38:00","guid":{"rendered":"https:\/\/iesomendavia.educacion.navarra.es\/web1\/?p=5113"},"modified":"2024-12-19T10:37:29","modified_gmt":"2024-12-19T09:37:29","slug":"taller-de-la-asociacion-adano","status":"publish","type":"post","link":"https:\/\/iesomendavia.educacion.navarra.es\/web1\/blog\/2024\/12\/19\/taller-de-la-asociacion-adano\/","title":{"rendered":"Taller de la Asociaci\u00f3n ADANO"},"content":{"rendered":"\n<p>Los d\u00edas 27 y 28 de noviembre el alumnado de Religi\u00f3n de 1\u00ba y 2\u00ba ESO realiz\u00f3 un taller de sensibilidad emocional impartido por una educadora de la Asociaci\u00f3n ADANO (Asociaci\u00f3n de ayuda a ni\u00f1os con c\u00e1ncer&nbsp;de Navarra).Fue una experiencia enriquecedora donde particip\u00f3 activamente el alumnado y les gust\u00f3 mucho.<\/p>\n\n\n\n<figure class=\"wp-block-gallery has-nested-images columns-default is-cropped\">\n<figure class=\"wp-block-image size-large\"><a href=\"https:\/\/iesomendavia.educacion.navarra.es\/web1\/wp-content\/uploads\/2024\/12\/20241128_093409.jpg\"><img loading=\"lazy\" width=\"1024\" height=\"576\" data-id=\"5114\"  src=\"https:\/\/iesomendavia.educacion.navarra.es\/web1\/wp-content\/uploads\/2024\/12\/20241128_093409-1024x576.jpg\" alt=\"\" class=\"wp-image-5114\" srcset=\"https:\/\/iesomendavia.educacion.navarra.es\/web1\/wp-content\/uploads\/2024\/12\/20241128_093409-1024x576.jpg 1024w, https:\/\/iesomendavia.educacion.navarra.es\/web1\/wp-content\/uploads\/2024\/12\/20241128_093409-300x169.jpg 300w, https:\/\/iesomendavia.educacion.navarra.es\/web1\/wp-content\/uploads\/2024\/12\/20241128_093409-768x432.jpg 768w, https:\/\/iesomendavia.educacion.navarra.es\/web1\/wp-content\/uploads\/2024\/12\/20241128_093409.jpg 1280w\" sizes=\"(max-width: 1024px) 100vw, 1024px\" \/><\/a><\/figure>\n\n\n\n<figure class=\"wp-block-image size-large\"><a href=\"https:\/\/iesomendavia.educacion.navarra.es\/web1\/wp-content\/uploads\/2024\/12\/20241128_092052.jpg\"><img loading=\"lazy\" width=\"1024\" height=\"576\" data-id=\"5115\"  src=\"https:\/\/iesomendavia.educacion.navarra.es\/web1\/wp-content\/uploads\/2024\/12\/20241128_092052-1024x576.jpg\" alt=\"\" class=\"wp-image-5115\" srcset=\"https:\/\/iesomendavia.educacion.navarra.es\/web1\/wp-content\/uploads\/2024\/12\/20241128_092052-1024x576.jpg 1024w, https:\/\/iesomendavia.educacion.navarra.es\/web1\/wp-content\/uploads\/2024\/12\/20241128_092052-300x169.jpg 300w, https:\/\/iesomendavia.educacion.navarra.es\/web1\/wp-content\/uploads\/2024\/12\/20241128_092052-768x432.jpg 768w, https:\/\/iesomendavia.educacion.navarra.es\/web1\/wp-content\/uploads\/2024\/12\/20241128_092052.jpg 1280w\" sizes=\"(max-width: 1024px) 100vw, 1024px\" \/><\/a><\/figure>\n\n\n\n<figure class=\"wp-block-image size-large\"><a href=\"https:\/\/iesomendavia.educacion.navarra.es\/web1\/wp-content\/uploads\/2024\/12\/20241128_092033.jpg\"><img loading=\"lazy\" width=\"1024\" height=\"576\" data-id=\"5116\"  src=\"https:\/\/iesomendavia.educacion.navarra.es\/web1\/wp-content\/uploads\/2024\/12\/20241128_092033-1024x576.jpg\" alt=\"\" class=\"wp-image-5116\" srcset=\"https:\/\/iesomendavia.educacion.navarra.es\/web1\/wp-content\/uploads\/2024\/12\/20241128_092033-1024x576.jpg 1024w, https:\/\/iesomendavia.educacion.navarra.es\/web1\/wp-content\/uploads\/2024\/12\/20241128_092033-300x169.jpg 300w, https:\/\/iesomendavia.educacion.navarra.es\/web1\/wp-content\/uploads\/2024\/12\/20241128_092033-768x432.jpg 768w, https:\/\/iesomendavia.educacion.navarra.es\/web1\/wp-content\/uploads\/2024\/12\/20241128_092033.jpg 1280w\" sizes=\"(max-width: 1024px) 100vw, 1024px\" \/><\/a><\/figure>\n<\/figure>\n","protected":false},"excerpt":{"rendered":"<p>Los d\u00edas 27 y 28 de noviembre el alumnado de Religi\u00f3n de 1\u00ba y 2\u00ba ESO realiz\u00f3 un taller de sensibilidad emocional impartido por una educadora de la Asociaci\u00f3n ADANO (Asociaci\u00f3n de ayuda a ni\u00f1os con c\u00e1ncer&nbsp;de Navarra).Fue una experiencia enriquecedora donde particip\u00f3 activamente el alumnado y les gust\u00f3 mucho.<\/p>\n","protected":false},"author":1,"featured_media":0,"comment_status":"open","ping_status":"open","sticky":false,"template":"","format":"standard","meta":{"_genesis_hide_title":false,"_genesis_hide_breadcrumbs":false,"_genesis_hide_singular_image":false,"_genesis_hide_footer_widgets":false,"_genesis_custom_body_class":"","_genesis_custom_post_class":"","_genesis_layout":""},"categories":[6,56,1,91],"tags":[],"_links":{"self":[{"href":"https:\/\/iesomendavia.educacion.navarra.es\/web1\/wp-json\/wp\/v2\/posts\/5113"}],"collection":[{"href":"https:\/\/iesomendavia.educacion.navarra.es\/web1\/wp-json\/wp\/v2\/posts"}],"about":[{"href":"https:\/\/iesomendavia.educacion.navarra.es\/web1\/wp-json\/wp\/v2\/types\/post"}],"author":[{"embeddable":true,"href":"https:\/\/iesomendavia.educacion.navarra.es\/web1\/wp-json\/wp\/v2\/users\/1"}],"replies":[{"embeddable":true,"href":"https:\/\/iesomendavia.educacion.navarra.es\/web1\/wp-json\/wp\/v2\/comments?post=5113"}],"version-history":[{"count":2,"href":"https:\/\/iesomendavia.educacion.navarra.es\/web1\/wp-json\/wp\/v2\/posts\/5113\/revisions"}],"predecessor-version":[{"id":5124,"href":"https:\/\/iesomendavia.educacion.navarra.es\/web1\/wp-json\/wp\/v2\/posts\/5113\/revisions\/5124"}],"wp:attachment":[{"href":"https:\/\/iesomendavia.educacion.navarra.es\/web1\/wp-json\/wp\/v2\/media?parent=5113"}],"wp:term":[{"taxonomy":"category","embeddable":true,"href":"https:\/\/iesomendavia.educacion.navarra.es\/web1\/wp-json\/wp\/v2\/categories?post=5113"},{"taxonomy":"post_tag","embeddable":true,"href":"https:\/\/iesomendavia.educacion.navarra.es\/web1\/wp-json\/wp\/v2\/tags?post=5113"}],"curies":[{"name":"wp","href":"https:\/\/api.w.org\/{rel}","templated":true}]}}