{"id":4633,"date":"2023-03-07T23:44:40","date_gmt":"2023-03-07T22:44:40","guid":{"rendered":"https:\/\/iesomendavia.educacion.navarra.es\/web1\/?p=4633"},"modified":"2023-03-07T23:49:02","modified_gmt":"2023-03-07T22:49:02","slug":"asi-bailaba-8m","status":"publish","type":"post","link":"https:\/\/iesomendavia.educacion.navarra.es\/web1\/blog\/2023\/03\/07\/asi-bailaba-8m\/","title":{"rendered":"As\u00ed bailaba &#8211; 8M"},"content":{"rendered":"\n<figure class=\"wp-block-embed is-type-video is-provider-youtube wp-block-embed-youtube wp-embed-aspect-16-9 wp-has-aspect-ratio\"><div class=\"wp-block-embed__wrapper\">\n<iframe loading=\"lazy\" title=\"As\u00ed bailaba\" width=\"500\" height=\"281\" src=\"https:\/\/www.youtube.com\/embed\/odf1TpU5f4E?feature=oembed\" frameborder=\"0\" allow=\"accelerometer; autoplay; clipboard-write; encrypted-media; gyroscope; picture-in-picture; web-share\" allowfullscreen><\/iframe>\n<\/div><\/figure>\n\n\n\n<p><em>Durante este mes, el alumnado de 1\u00ba de E.S.O.,\u00a0 hemos aprendido c\u00f3mo a trav\u00e9s de las canciones se transmiten muchos mensajes.\u00a0Hace un tiempo, a las ni\u00f1as se les ense\u00f1aba a realizar las tareas dom\u00e9sticas, algo que parec\u00eda exclusivo de ellas. Hasta en las canciones se les iba mentalizando, como en el caso de \u00abLos d\u00edas de la semana\u00bb de los Payasos de la Tele, donde una ni\u00f1a no pod\u00eda salir a jugar porque ten\u00eda que lavar, planchar, cocinar&#8230;<br>Con la versi\u00f3n de Rigoberta Bandini \u00abAs\u00ed bailaba\u00bb, hemos realizado un v\u00eddeo en el que queremos mostrar que nosotr@s aprendemos en igualdad a\u00a0cuidar de los dem\u00e1s y de nosotros\u00a0mismos pero tambi\u00e9n a\u00a0dedicar tiempo al ocio.Hemos disfrutado mucho bailando y grabando. Nos hemos enfrentado a nuestra verg\u00fcenza y nos hemos divertido. Agradecemos a todas las personas que han colaborado\u00a0para poder realizar esta tarea, en especial al profesorado que se ha animado tambi\u00e9n a bailar.<\/em><\/p>\n","protected":false},"excerpt":{"rendered":"<p>Durante este mes, el alumnado de 1\u00ba de E.S.O.,\u00a0 hemos aprendido c\u00f3mo a trav\u00e9s de las canciones se transmiten muchos mensajes.\u00a0Hace un tiempo, a las ni\u00f1as se les ense\u00f1aba a realizar las tareas dom\u00e9sticas, algo que parec\u00eda exclusivo de ellas. Hasta en las canciones se les iba mentalizando, como en el caso de \u00abLos d\u00edas [&hellip;]<\/p>\n","protected":false},"author":1,"featured_media":0,"comment_status":"open","ping_status":"open","sticky":false,"template":"","format":"standard","meta":{"_genesis_hide_title":false,"_genesis_hide_breadcrumbs":false,"_genesis_hide_singular_image":false,"_genesis_hide_footer_widgets":false,"_genesis_custom_body_class":"","_genesis_custom_post_class":"","_genesis_layout":""},"categories":[6,56,70,1],"tags":[],"_links":{"self":[{"href":"https:\/\/iesomendavia.educacion.navarra.es\/web1\/wp-json\/wp\/v2\/posts\/4633"}],"collection":[{"href":"https:\/\/iesomendavia.educacion.navarra.es\/web1\/wp-json\/wp\/v2\/posts"}],"about":[{"href":"https:\/\/iesomendavia.educacion.navarra.es\/web1\/wp-json\/wp\/v2\/types\/post"}],"author":[{"embeddable":true,"href":"https:\/\/iesomendavia.educacion.navarra.es\/web1\/wp-json\/wp\/v2\/users\/1"}],"replies":[{"embeddable":true,"href":"https:\/\/iesomendavia.educacion.navarra.es\/web1\/wp-json\/wp\/v2\/comments?post=4633"}],"version-history":[{"count":3,"href":"https:\/\/iesomendavia.educacion.navarra.es\/web1\/wp-json\/wp\/v2\/posts\/4633\/revisions"}],"predecessor-version":[{"id":4638,"href":"https:\/\/iesomendavia.educacion.navarra.es\/web1\/wp-json\/wp\/v2\/posts\/4633\/revisions\/4638"}],"wp:attachment":[{"href":"https:\/\/iesomendavia.educacion.navarra.es\/web1\/wp-json\/wp\/v2\/media?parent=4633"}],"wp:term":[{"taxonomy":"category","embeddable":true,"href":"https:\/\/iesomendavia.educacion.navarra.es\/web1\/wp-json\/wp\/v2\/categories?post=4633"},{"taxonomy":"post_tag","embeddable":true,"href":"https:\/\/iesomendavia.educacion.navarra.es\/web1\/wp-json\/wp\/v2\/tags?post=4633"}],"curies":[{"name":"wp","href":"https:\/\/api.w.org\/{rel}","templated":true}]}}