{"id":3978,"date":"2021-02-11T08:30:00","date_gmt":"2021-02-11T07:30:00","guid":{"rendered":"https:\/\/iesomendavia.educacion.navarra.es\/web1\/?p=3978"},"modified":"2021-03-22T13:05:43","modified_gmt":"2021-03-22T12:05:43","slug":"11-de-febrero-dia-internacional-de-la-mujer-y-la-nina-en-la-ciencia","status":"publish","type":"post","link":"https:\/\/iesomendavia.educacion.navarra.es\/web1\/blog\/2021\/02\/11\/11-de-febrero-dia-internacional-de-la-mujer-y-la-nina-en-la-ciencia\/","title":{"rendered":"11 de Febrero &#8211; D\u00eda Internacional de la Mujer y la Ni\u00f1a en la Ciencia"},"content":{"rendered":"\n<p>Un a\u00f1o m\u00e1s hemos querido celebrar el D\u00eda Internacional de la Mujer y la Ni\u00f1a en la Ciencia, reflexionando mediante diferentes actividades sobre la desigualdad que ha existido a la hora de dedicarse al mundo de la ciencia entre hombres y mujeres. Nuestro objetivo no es otro sino despertar el inter\u00e9s de todo nuestro alumnado por la Ciencia y la Tecnolog\u00eda como disciplinas que nos permitan hacer frente a gran parte de los retos que hoy en d\u00eda se nos presentan. Todo ello sin prescindir del talento de la mitad de la poblaci\u00f3n. <\/p>\n\n\n\n<p>Y hablando de talento hacemos referencia al <strong>Premio Nobel de Qu\u00edmica 2020<\/strong> que fue para <strong>las inventoras de las \u201ctijeras gen\u00e9ticas\u201d<\/strong>: <strong>Emmanuelle Charpentier y Jennifer A<\/strong>. <strong>Doudna<\/strong>. Cabe destacar que esta ha sido la primera vez en la historia que se otorga un Premio Nobel a dos mujeres. <\/p>\n\n\n\n<p>Por \u00faltimo, os dejamos este <strong>v\u00eddeo de nuestros futuros talentos<\/strong> donde nos dejan claro que<strong> \u00a1LA CIENCIA ES PARA TOD@S!<\/strong><\/p>\n\n\n\n<body>\n<div style=\"text-align:center;\">\n<\/body><iframe loading=\"lazy\" width=\"560\" height=\"315\" src=\"https:\/\/www.youtube.com\/embed\/45yYdYl50bk\" frameborder=\"0\" allow=\"accelerometer; autoplay; clipboard-write; encrypted-media; gyroscope; picture-in-picture\" allowfullscreen=\"\"><\/iframe>\n<\/html>\n\n\n\n<p><\/p>\n","protected":false},"excerpt":{"rendered":"<p>Un a\u00f1o m\u00e1s hemos querido celebrar el D\u00eda Internacional de la Mujer y la Ni\u00f1a en la Ciencia, reflexionando mediante diferentes actividades sobre la desigualdad que ha existido a la hora de dedicarse al mundo de la ciencia entre hombres y mujeres. Nuestro objetivo no es otro sino despertar el inter\u00e9s de todo nuestro alumnado [&hellip;]<\/p>\n","protected":false},"author":1,"featured_media":0,"comment_status":"open","ping_status":"open","sticky":false,"template":"","format":"standard","meta":{"_genesis_hide_title":false,"_genesis_hide_breadcrumbs":false,"_genesis_hide_singular_image":false,"_genesis_hide_footer_widgets":false,"_genesis_custom_body_class":"","_genesis_custom_post_class":"","_genesis_layout":""},"categories":[6,82,56,1],"tags":[],"_links":{"self":[{"href":"https:\/\/iesomendavia.educacion.navarra.es\/web1\/wp-json\/wp\/v2\/posts\/3978"}],"collection":[{"href":"https:\/\/iesomendavia.educacion.navarra.es\/web1\/wp-json\/wp\/v2\/posts"}],"about":[{"href":"https:\/\/iesomendavia.educacion.navarra.es\/web1\/wp-json\/wp\/v2\/types\/post"}],"author":[{"embeddable":true,"href":"https:\/\/iesomendavia.educacion.navarra.es\/web1\/wp-json\/wp\/v2\/users\/1"}],"replies":[{"embeddable":true,"href":"https:\/\/iesomendavia.educacion.navarra.es\/web1\/wp-json\/wp\/v2\/comments?post=3978"}],"version-history":[{"count":9,"href":"https:\/\/iesomendavia.educacion.navarra.es\/web1\/wp-json\/wp\/v2\/posts\/3978\/revisions"}],"predecessor-version":[{"id":4046,"href":"https:\/\/iesomendavia.educacion.navarra.es\/web1\/wp-json\/wp\/v2\/posts\/3978\/revisions\/4046"}],"wp:attachment":[{"href":"https:\/\/iesomendavia.educacion.navarra.es\/web1\/wp-json\/wp\/v2\/media?parent=3978"}],"wp:term":[{"taxonomy":"category","embeddable":true,"href":"https:\/\/iesomendavia.educacion.navarra.es\/web1\/wp-json\/wp\/v2\/categories?post=3978"},{"taxonomy":"post_tag","embeddable":true,"href":"https:\/\/iesomendavia.educacion.navarra.es\/web1\/wp-json\/wp\/v2\/tags?post=3978"}],"curies":[{"name":"wp","href":"https:\/\/api.w.org\/{rel}","templated":true}]}}