{"id":3927,"date":"2020-12-10T13:12:23","date_gmt":"2020-12-10T12:12:23","guid":{"rendered":"https:\/\/iesomendavia.educacion.navarra.es\/web1\/?p=3927"},"modified":"2020-12-10T13:12:24","modified_gmt":"2020-12-10T12:12:24","slug":"dia-internacional-de-los-derechos-humanos-curso-20-21","status":"publish","type":"post","link":"https:\/\/iesomendavia.educacion.navarra.es\/web1\/blog\/2020\/12\/10\/dia-internacional-de-los-derechos-humanos-curso-20-21\/","title":{"rendered":"D\u00eda Internacional de los Derechos Humanos Curso 20-21"},"content":{"rendered":"\n<p>La Direcci\u00f3n General de Paz, Convivencia y Derechos Humanos del Gobierno de Navarra quiere poner de relieve la importancia de la defensa y la promoci\u00f3n de los Derechos Humanos mediante la difusi\u00f3n del siguiente v\u00eddeo. Esperamos que os guste.<\/p>\n\n\n\n<iframe loading=\"lazy\" width=\"560\" height=\"315\" src=\"https:\/\/www.youtube.com\/embed\/ZFG5IEQMfOM\" frameborder=\"0\" allow=\"accelerometer; autoplay; clipboard-write; encrypted-media; gyroscope; picture-in-picture\" allowfullscreen><\/iframe>\n","protected":false},"excerpt":{"rendered":"<p>La Direcci\u00f3n General de Paz, Convivencia y Derechos Humanos del Gobierno de Navarra quiere poner de relieve la importancia de la defensa y la promoci\u00f3n de los Derechos Humanos mediante la difusi\u00f3n del siguiente v\u00eddeo. Esperamos que os guste.<\/p>\n","protected":false},"author":1,"featured_media":0,"comment_status":"open","ping_status":"open","sticky":false,"template":"","format":"standard","meta":{"_genesis_hide_title":false,"_genesis_hide_breadcrumbs":false,"_genesis_hide_singular_image":false,"_genesis_hide_footer_widgets":false,"_genesis_custom_body_class":"","_genesis_custom_post_class":"","_genesis_layout":""},"categories":[1],"tags":[],"_links":{"self":[{"href":"https:\/\/iesomendavia.educacion.navarra.es\/web1\/wp-json\/wp\/v2\/posts\/3927"}],"collection":[{"href":"https:\/\/iesomendavia.educacion.navarra.es\/web1\/wp-json\/wp\/v2\/posts"}],"about":[{"href":"https:\/\/iesomendavia.educacion.navarra.es\/web1\/wp-json\/wp\/v2\/types\/post"}],"author":[{"embeddable":true,"href":"https:\/\/iesomendavia.educacion.navarra.es\/web1\/wp-json\/wp\/v2\/users\/1"}],"replies":[{"embeddable":true,"href":"https:\/\/iesomendavia.educacion.navarra.es\/web1\/wp-json\/wp\/v2\/comments?post=3927"}],"version-history":[{"count":2,"href":"https:\/\/iesomendavia.educacion.navarra.es\/web1\/wp-json\/wp\/v2\/posts\/3927\/revisions"}],"predecessor-version":[{"id":3929,"href":"https:\/\/iesomendavia.educacion.navarra.es\/web1\/wp-json\/wp\/v2\/posts\/3927\/revisions\/3929"}],"wp:attachment":[{"href":"https:\/\/iesomendavia.educacion.navarra.es\/web1\/wp-json\/wp\/v2\/media?parent=3927"}],"wp:term":[{"taxonomy":"category","embeddable":true,"href":"https:\/\/iesomendavia.educacion.navarra.es\/web1\/wp-json\/wp\/v2\/categories?post=3927"},{"taxonomy":"post_tag","embeddable":true,"href":"https:\/\/iesomendavia.educacion.navarra.es\/web1\/wp-json\/wp\/v2\/tags?post=3927"}],"curies":[{"name":"wp","href":"https:\/\/api.w.org\/{rel}","templated":true}]}}