{"id":3769,"date":"2020-09-03T14:41:04","date_gmt":"2020-09-03T12:41:04","guid":{"rendered":"https:\/\/iesomendavia.educacion.navarra.es\/web1\/?p=3769"},"modified":"2020-09-03T15:09:58","modified_gmt":"2020-09-03T13:09:58","slug":"jornada-de-acogida-del-curso-20-21","status":"publish","type":"post","link":"https:\/\/iesomendavia.educacion.navarra.es\/web1\/blog\/2020\/09\/03\/jornada-de-acogida-del-curso-20-21\/","title":{"rendered":"Acogida de inicio de curso"},"content":{"rendered":"\n<p>Presentaci\u00f3n del curso: <strong>Lunes 7 de Septiembre<\/strong><\/p>\n\n\n\n<ul><li><strong>9:30 h<\/strong>: Acogida <strong>1\u00ba de ESO<\/strong><\/li><li><strong>10:00 h<\/strong>: Acogida<strong> 2\u00ba de ESO<\/strong><\/li><li><strong>10:30 h<\/strong>: Acogida <strong>3\u00ba de ESO<\/strong><\/li><li><strong>11:00 h<\/strong>: Acogida <strong>4\u00ba de ESO y UCE<\/strong><\/li><\/ul>\n\n\n\n<p>El alumnado esperar\u00e1 en el patio guardando las distancias y ser\u00e1 nombrado y acompa\u00f1ado por el profesorado tutor a las aulas. <strong>Hay que venir provisto de bol\u00edgrafo, mochila y por supuesto, mascarilla.<\/strong><\/p>\n","protected":false},"excerpt":{"rendered":"<p>Presentaci\u00f3n del curso: Lunes 7 de Septiembre 9:30 h: Acogida 1\u00ba de ESO 10:00 h: Acogida 2\u00ba de ESO 10:30 h: Acogida 3\u00ba de ESO 11:00 h: Acogida 4\u00ba de ESO y UCE El alumnado esperar\u00e1 en el patio guardando las distancias y ser\u00e1 nombrado y acompa\u00f1ado por el profesorado tutor a las aulas. Hay [&hellip;]<\/p>\n","protected":false},"author":1,"featured_media":0,"comment_status":"open","ping_status":"open","sticky":false,"template":"","format":"standard","meta":{"_genesis_hide_title":false,"_genesis_hide_breadcrumbs":false,"_genesis_hide_singular_image":false,"_genesis_hide_footer_widgets":false,"_genesis_custom_body_class":"","_genesis_custom_post_class":"","_genesis_layout":""},"categories":[1],"tags":[],"_links":{"self":[{"href":"https:\/\/iesomendavia.educacion.navarra.es\/web1\/wp-json\/wp\/v2\/posts\/3769"}],"collection":[{"href":"https:\/\/iesomendavia.educacion.navarra.es\/web1\/wp-json\/wp\/v2\/posts"}],"about":[{"href":"https:\/\/iesomendavia.educacion.navarra.es\/web1\/wp-json\/wp\/v2\/types\/post"}],"author":[{"embeddable":true,"href":"https:\/\/iesomendavia.educacion.navarra.es\/web1\/wp-json\/wp\/v2\/users\/1"}],"replies":[{"embeddable":true,"href":"https:\/\/iesomendavia.educacion.navarra.es\/web1\/wp-json\/wp\/v2\/comments?post=3769"}],"version-history":[{"count":3,"href":"https:\/\/iesomendavia.educacion.navarra.es\/web1\/wp-json\/wp\/v2\/posts\/3769\/revisions"}],"predecessor-version":[{"id":3772,"href":"https:\/\/iesomendavia.educacion.navarra.es\/web1\/wp-json\/wp\/v2\/posts\/3769\/revisions\/3772"}],"wp:attachment":[{"href":"https:\/\/iesomendavia.educacion.navarra.es\/web1\/wp-json\/wp\/v2\/media?parent=3769"}],"wp:term":[{"taxonomy":"category","embeddable":true,"href":"https:\/\/iesomendavia.educacion.navarra.es\/web1\/wp-json\/wp\/v2\/categories?post=3769"},{"taxonomy":"post_tag","embeddable":true,"href":"https:\/\/iesomendavia.educacion.navarra.es\/web1\/wp-json\/wp\/v2\/tags?post=3769"}],"curies":[{"name":"wp","href":"https:\/\/api.w.org\/{rel}","templated":true}]}}