{"id":3715,"date":"2020-06-30T09:00:00","date_gmt":"2020-06-30T07:00:00","guid":{"rendered":"https:\/\/iesomendavia.educacion.navarra.es\/web1\/?p=3715"},"modified":"2020-06-29T00:30:13","modified_gmt":"2020-06-28T22:30:13","slug":"final-de-curso","status":"publish","type":"post","link":"https:\/\/iesomendavia.educacion.navarra.es\/web1\/blog\/2020\/06\/30\/final-de-curso\/","title":{"rendered":"Despedida"},"content":{"rendered":"\n<p>El curso ha llegado a su fin, tenemos que reconocernos a nosotros mismos que hemos superado los retos que se nos han planteado. Creo que es un buen momento para despedir el curso con nuestro agradecimiento a toda la comunidad educativa por sus esfuerzos, por la dedicaci\u00f3n y confianza de las familias, del profesorado, del personal no docente, nuestro reconocimiento va por todos\/as. <\/p>\n\n\n\n<p>Tambi\u00e9n nuestros mejores deseos para el <strong>alumnado de 4\u00ba<\/strong>, enhorabuena y mucho \u00e1nimo en esta nueva etapa. <\/p>\n\n\n\n<p>Por \u00faltimo queremos dedicar un sincero homenaje a nuestros mayores, a trav\u00e9s de im\u00e1genes, historias y experiencias de <strong>abuel@s<\/strong> de la mano de nuestro alumnado.<\/p>\n\n\n\n<div class=\"wp-container-1 wp-block-group\"><div class=\"wp-block-group__inner-container\">\n<pre class=\"wp-block-preformatted\"><div style=\"vertical-align:top;width:300px;margin:20px auto;color:#333;background:#fff;border:1px solid #ddd;line-height:1.2;text-decoration:none;padding:0\"><a style=\"color:#333;line-height:1.2;text-decoration:none;text-align:left;padding:0;font-weight:normal\" href=\"https:\/\/read.bookcreator.com\/9M2P2TmnWVbduMv3Vr7Xlc20Qxf2\/1cKipiRUTS-EvWYukIHMcw\" target=\"_blank\" rel=\"noopener noreferrer\"><img src=\"https:\/\/api.bookcreator.com\/users\/v2\/9M2P2TmnWVbduMv3Vr7Xlc20Qxf2\/books\/1cKipiRUTS-EvWYukIHMcw\/cover\/\" style=\"width: 300100000px\" alt=\"HISTORIAS ABUEL@S\"><\/a><\/div><\/pre>\n<\/div><\/div>\n\n\n\n<p><\/p>\n","protected":false},"excerpt":{"rendered":"<p>El curso ha llegado a su fin, tenemos que reconocernos a nosotros mismos que hemos superado los retos que se nos han planteado. Creo que es un buen momento para despedir el curso con nuestro agradecimiento a toda la comunidad educativa por sus esfuerzos, por la dedicaci\u00f3n y confianza de las familias, del profesorado, del [&hellip;]<\/p>\n","protected":false},"author":4,"featured_media":0,"comment_status":"open","ping_status":"open","sticky":false,"template":"","format":"standard","meta":{"_genesis_hide_title":false,"_genesis_hide_breadcrumbs":false,"_genesis_hide_singular_image":false,"_genesis_hide_footer_widgets":false,"_genesis_custom_body_class":"","_genesis_custom_post_class":"","_genesis_layout":""},"categories":[1],"tags":[],"_links":{"self":[{"href":"https:\/\/iesomendavia.educacion.navarra.es\/web1\/wp-json\/wp\/v2\/posts\/3715"}],"collection":[{"href":"https:\/\/iesomendavia.educacion.navarra.es\/web1\/wp-json\/wp\/v2\/posts"}],"about":[{"href":"https:\/\/iesomendavia.educacion.navarra.es\/web1\/wp-json\/wp\/v2\/types\/post"}],"author":[{"embeddable":true,"href":"https:\/\/iesomendavia.educacion.navarra.es\/web1\/wp-json\/wp\/v2\/users\/4"}],"replies":[{"embeddable":true,"href":"https:\/\/iesomendavia.educacion.navarra.es\/web1\/wp-json\/wp\/v2\/comments?post=3715"}],"version-history":[{"count":9,"href":"https:\/\/iesomendavia.educacion.navarra.es\/web1\/wp-json\/wp\/v2\/posts\/3715\/revisions"}],"predecessor-version":[{"id":3727,"href":"https:\/\/iesomendavia.educacion.navarra.es\/web1\/wp-json\/wp\/v2\/posts\/3715\/revisions\/3727"}],"wp:attachment":[{"href":"https:\/\/iesomendavia.educacion.navarra.es\/web1\/wp-json\/wp\/v2\/media?parent=3715"}],"wp:term":[{"taxonomy":"category","embeddable":true,"href":"https:\/\/iesomendavia.educacion.navarra.es\/web1\/wp-json\/wp\/v2\/categories?post=3715"},{"taxonomy":"post_tag","embeddable":true,"href":"https:\/\/iesomendavia.educacion.navarra.es\/web1\/wp-json\/wp\/v2\/tags?post=3715"}],"curies":[{"name":"wp","href":"https:\/\/api.w.org\/{rel}","templated":true}]}}