{"id":3627,"date":"2020-03-12T12:51:44","date_gmt":"2020-03-12T11:51:44","guid":{"rendered":"https:\/\/iesomendavia.educacion.navarra.es\/web1\/?p=3627"},"modified":"2020-03-12T13:01:44","modified_gmt":"2020-03-12T12:01:44","slug":"informacion-coronavirus","status":"publish","type":"post","link":"https:\/\/iesomendavia.educacion.navarra.es\/web1\/blog\/2020\/03\/12\/informacion-coronavirus\/","title":{"rendered":"Informaci\u00f3n Coronavirus"},"content":{"rendered":"\n<p style=\"background-color:#fa822c\" class=\"has-text-color has-background has-medium-font-size has-very-dark-gray-color\">Desde el Departamento de Salud se ha dise\u00f1ado una web: <em><strong><a rel=\"noreferrer noopener\" href=\"https:\/\/www.navarra.es\/es\/web\/coronavirus\" target=\"_blank\">https:\/\/www.navarra.es\/es\/web\/coronavirus<\/a><\/strong>\u00a0<\/em>que recoge <strong><em>informaci\u00f3n\u00a0oficial actualizada<\/em><\/strong>\u00a0y recomendaciones sobre el Coronavirus (covid-19). Adem\u00e1s, dispone de informaci\u00f3n sobre los casos que se van detectando en Navarra, y \u00a0la situaci\u00f3n de los pacientes, cu\u00e1ntos se encuentran ingresados y cu\u00e1ntos en r\u00e9gimen domiciliario. En la web tambi\u00e9n hay material gr\u00e1fico y audiovisual. <\/p>\n","protected":false},"excerpt":{"rendered":"<p>Desde el Departamento de Salud se ha dise\u00f1ado una web: https:\/\/www.navarra.es\/es\/web\/coronavirus\u00a0que recoge informaci\u00f3n\u00a0oficial actualizada\u00a0y recomendaciones sobre el Coronavirus (covid-19). Adem\u00e1s, dispone de informaci\u00f3n sobre los casos que se van detectando en Navarra, y \u00a0la situaci\u00f3n de los pacientes, cu\u00e1ntos se encuentran ingresados y cu\u00e1ntos en r\u00e9gimen domiciliario. En la web tambi\u00e9n hay material gr\u00e1fico y [&hellip;]<\/p>\n","protected":false},"author":1,"featured_media":0,"comment_status":"open","ping_status":"open","sticky":false,"template":"","format":"standard","meta":{"_genesis_hide_title":false,"_genesis_hide_breadcrumbs":false,"_genesis_hide_singular_image":false,"_genesis_hide_footer_widgets":false,"_genesis_custom_body_class":"","_genesis_custom_post_class":"","_genesis_layout":""},"categories":[1],"tags":[],"_links":{"self":[{"href":"https:\/\/iesomendavia.educacion.navarra.es\/web1\/wp-json\/wp\/v2\/posts\/3627"}],"collection":[{"href":"https:\/\/iesomendavia.educacion.navarra.es\/web1\/wp-json\/wp\/v2\/posts"}],"about":[{"href":"https:\/\/iesomendavia.educacion.navarra.es\/web1\/wp-json\/wp\/v2\/types\/post"}],"author":[{"embeddable":true,"href":"https:\/\/iesomendavia.educacion.navarra.es\/web1\/wp-json\/wp\/v2\/users\/1"}],"replies":[{"embeddable":true,"href":"https:\/\/iesomendavia.educacion.navarra.es\/web1\/wp-json\/wp\/v2\/comments?post=3627"}],"version-history":[{"count":6,"href":"https:\/\/iesomendavia.educacion.navarra.es\/web1\/wp-json\/wp\/v2\/posts\/3627\/revisions"}],"predecessor-version":[{"id":3633,"href":"https:\/\/iesomendavia.educacion.navarra.es\/web1\/wp-json\/wp\/v2\/posts\/3627\/revisions\/3633"}],"wp:attachment":[{"href":"https:\/\/iesomendavia.educacion.navarra.es\/web1\/wp-json\/wp\/v2\/media?parent=3627"}],"wp:term":[{"taxonomy":"category","embeddable":true,"href":"https:\/\/iesomendavia.educacion.navarra.es\/web1\/wp-json\/wp\/v2\/categories?post=3627"},{"taxonomy":"post_tag","embeddable":true,"href":"https:\/\/iesomendavia.educacion.navarra.es\/web1\/wp-json\/wp\/v2\/tags?post=3627"}],"curies":[{"name":"wp","href":"https:\/\/api.w.org\/{rel}","templated":true}]}}