{"id":3474,"date":"2020-01-28T11:03:19","date_gmt":"2020-01-28T10:03:19","guid":{"rendered":"https:\/\/iesomendavia.educacion.navarra.es\/web1\/?p=3474"},"modified":"2020-02-03T11:28:35","modified_gmt":"2020-02-03T10:28:35","slug":"viaje-a-zaragoza","status":"publish","type":"post","link":"https:\/\/iesomendavia.educacion.navarra.es\/web1\/blog\/2020\/01\/28\/viaje-a-zaragoza\/","title":{"rendered":"Viaje a Zaragoza"},"content":{"rendered":"\n<p>El pasado 21 de enero el alumnado de 1\u00ba ESO acompa\u00f1ados por Susana, Gema y Jimena acudieron a Zaragoza para participar en dos actividades: un taller de producci\u00f3n de m\u00fasica digital y la visita al Museo de Ciencias Naturales de la Universidad&nbsp; de Zaragoza.<br><\/p>\n\n\n\n<p>En primer lugar fuimos hasta el edificio del Cosmo Caixa, donde nos esperaban para realizar el taller. Tras una explicaci\u00f3n sobre conceptos musicales, matem\u00e1ticos y t\u00e9cnicos del uso del programa, nuestros alumnos, en grupos de 4 crearon sus propias composiciones usando las distintas bases que dispon\u00edan en el programa . Todas ellas, muy diferentes entre s\u00ed, resultaron muy originales e interesantes. Pinchando en los botones pod\u00e9is escucharlas todas.<\/p>\n\n\n\n<div class=\"wp-block-columns\">\n<div class=\"wp-block-column\">\n<div class=\"wp-block-button aligncenter\"><a class=\"wp-block-button__link has-background has-luminous-vivid-orange-background-color\" href=\"https:\/\/drive.google.com\/file\/d\/1YYcc0e7W6VTsR_shA5GeqJ0YHzdN0Co4\/view?usp=sharing\">Blue eyes<\/a><\/div>\n\n\n\n<div class=\"wp-block-button aligncenter\"><a class=\"wp-block-button__link has-background has-luminous-vivid-orange-background-color\" href=\"https:\/\/drive.google.com\/file\/d\/15HYMHOZ7xLaZoIOvxWC0k1mDLbU1eQ3J\/view?usp=sharing\">Girls squad<\/a><\/div>\n<\/div>\n\n\n\n<div class=\"wp-block-column\">\n<div class=\"wp-block-button aligncenter\"><a class=\"wp-block-button__link has-background has-luminous-vivid-orange-background-color\" href=\"https:\/\/drive.google.com\/file\/d\/1n0c0SMwUjbGJhEJ3XwBESWsP_P5avggV\/view?usp=sharing\">Cangrejos<\/a><\/div>\n\n\n\n<div class=\"wp-block-button aligncenter\"><a class=\"wp-block-button__link has-background has-luminous-vivid-orange-background-color\" href=\"https:\/\/drive.google.com\/file\/d\/1rYt0VrovFOgSlLQI9UdBwwuAu3MTmNHU\/view?usp=sharing\">La canci\u00f3n ideal<\/a><\/div>\n\n\n\n<div class=\"wp-block-button aligncenter\"><a class=\"wp-block-button__link has-background has-luminous-vivid-orange-background-color\" href=\"https:\/\/drive.google.com\/file\/d\/0BzFFJZb8TR_fa09uOFlLVXR2SF9vWXJWNUFoNFBJcW0wTjZn\/view?usp=sharing\">DJ Theo<\/a><\/div>\n<\/div>\n\n\n\n<div class=\"wp-block-column\">\n<div class=\"wp-block-button aligncenter\"><a class=\"wp-block-button__link has-background has-luminous-vivid-orange-background-color\" href=\"https:\/\/drive.google.com\/file\/d\/1n1ONh1zbk22NS1D1xLjdD61uM8AmkR72\/view?usp=sharing\">DJ Mamen<\/a><\/div>\n\n\n\n<div class=\"wp-block-button aligncenter\"><a class=\"wp-block-button__link has-background has-luminous-vivid-orange-background-color\" href=\"https:\/\/drive.google.com\/file\/d\/1_I0AjpXefZreuGEipdX-MP1idglJGM7I\/view?usp=sharing\">Tecno N<\/a><\/div>\n<\/div>\n<\/div>\n\n\n\n<!--more-->\n\n\n\n<p>Despu\u00e9s, y tras un breve almuerzo bajo la lluvia, fuimos al museo de Ciencias Naturales, ubicado en un antiguo edificio que pertenece a la Universidad de Zaragoza. All\u00ed, y a trav\u00e9s de una visita guiada, fuimos recorriendo los distintos per\u00edodos geol\u00f3gicos contemplando una gran variedad de f\u00f3siles originales ( excepto los cr\u00e1neos de los hom\u00ednidos ), todos ellos muy interesantes. Y para concluir la visita, estuvimos viendo la colecci\u00f3n del naturalista jesuita Longino Nav\u00e1s Ferrer, ( 1858-1938 ), colecci\u00f3n que incluye una gran variedad tanto de animales, como de plantas e incluso f\u00f3siles.<\/p>\n\n\n\n<div class=\"wp-block-columns\">\n<div class=\"wp-block-column\" style=\"flex-basis:33.33%\">\n<p> En definitiva, fue un martes diferente en el que salimos del aula para convivir y aprender nuevas cosas. <br> <\/p>\n<\/div>\n\n\n\n<div class=\"wp-block-column\" style=\"flex-basis:66.66%\">\n<figure class=\"wp-block-image size-large is-resized\"><a href=\"https:\/\/photos.app.goo.gl\/zsigu6UjdykAZkCc9\"><img loading=\"lazy\" src=\"https:\/\/iesomendavia.educacion.navarra.es\/web1\/wp-content\/uploads\/2020\/01\/IMG_20200121_114150-1-1024x768.jpg\" alt=\"\" class=\"wp-image-3547\" width=\"276\" height=\"207\" srcset=\"https:\/\/iesomendavia.educacion.navarra.es\/web1\/wp-content\/uploads\/2020\/01\/IMG_20200121_114150-1-1024x768.jpg 1024w, https:\/\/iesomendavia.educacion.navarra.es\/web1\/wp-content\/uploads\/2020\/01\/IMG_20200121_114150-1-300x225.jpg 300w, https:\/\/iesomendavia.educacion.navarra.es\/web1\/wp-content\/uploads\/2020\/01\/IMG_20200121_114150-1-768x576.jpg 768w, https:\/\/iesomendavia.educacion.navarra.es\/web1\/wp-content\/uploads\/2020\/01\/IMG_20200121_114150-1-1536x1152.jpg 1536w, https:\/\/iesomendavia.educacion.navarra.es\/web1\/wp-content\/uploads\/2020\/01\/IMG_20200121_114150-1-2048x1536.jpg 2048w\" sizes=\"(max-width: 276px) 100vw, 276px\" \/><\/a><figcaption>Pincha en la foto para ver  m\u00e1s<\/figcaption><\/figure>\n<\/div>\n<\/div>\n\n\n\n<p> <\/p>\n","protected":false},"excerpt":{"rendered":"<p>El pasado 21 de enero el alumnado de 1\u00ba ESO acompa\u00f1ados por Susana, Gema y Jimena acudieron a Zaragoza para participar en dos actividades: un taller de producci\u00f3n de m\u00fasica digital y la visita al Museo de Ciencias Naturales de la Universidad&nbsp; de Zaragoza. En primer lugar fuimos hasta el edificio del Cosmo Caixa, donde [&hellip;]<\/p>\n","protected":false},"author":6,"featured_media":0,"comment_status":"open","ping_status":"open","sticky":false,"template":"","format":"standard","meta":{"_genesis_hide_title":false,"_genesis_hide_breadcrumbs":false,"_genesis_hide_singular_image":false,"_genesis_hide_footer_widgets":false,"_genesis_custom_body_class":"","_genesis_custom_post_class":"","_genesis_layout":""},"categories":[82,70,1,71],"tags":[],"_links":{"self":[{"href":"https:\/\/iesomendavia.educacion.navarra.es\/web1\/wp-json\/wp\/v2\/posts\/3474"}],"collection":[{"href":"https:\/\/iesomendavia.educacion.navarra.es\/web1\/wp-json\/wp\/v2\/posts"}],"about":[{"href":"https:\/\/iesomendavia.educacion.navarra.es\/web1\/wp-json\/wp\/v2\/types\/post"}],"author":[{"embeddable":true,"href":"https:\/\/iesomendavia.educacion.navarra.es\/web1\/wp-json\/wp\/v2\/users\/6"}],"replies":[{"embeddable":true,"href":"https:\/\/iesomendavia.educacion.navarra.es\/web1\/wp-json\/wp\/v2\/comments?post=3474"}],"version-history":[{"count":26,"href":"https:\/\/iesomendavia.educacion.navarra.es\/web1\/wp-json\/wp\/v2\/posts\/3474\/revisions"}],"predecessor-version":[{"id":3560,"href":"https:\/\/iesomendavia.educacion.navarra.es\/web1\/wp-json\/wp\/v2\/posts\/3474\/revisions\/3560"}],"wp:attachment":[{"href":"https:\/\/iesomendavia.educacion.navarra.es\/web1\/wp-json\/wp\/v2\/media?parent=3474"}],"wp:term":[{"taxonomy":"category","embeddable":true,"href":"https:\/\/iesomendavia.educacion.navarra.es\/web1\/wp-json\/wp\/v2\/categories?post=3474"},{"taxonomy":"post_tag","embeddable":true,"href":"https:\/\/iesomendavia.educacion.navarra.es\/web1\/wp-json\/wp\/v2\/tags?post=3474"}],"curies":[{"name":"wp","href":"https:\/\/api.w.org\/{rel}","templated":true}]}}