{"id":2791,"date":"2019-06-25T10:24:41","date_gmt":"2019-06-25T08:24:41","guid":{"rendered":"https:\/\/iesomendavia.educacion.navarra.es\/web1\/?p=2791"},"modified":"2019-06-25T10:28:43","modified_gmt":"2019-06-25T08:28:43","slug":"plazo-de-matriculacion-para-el-curso-2019-2020","status":"publish","type":"post","link":"https:\/\/iesomendavia.educacion.navarra.es\/web1\/blog\/2019\/06\/25\/plazo-de-matriculacion-para-el-curso-2019-2020\/","title":{"rendered":"Plazo de matriculaci\u00f3n para el curso 2019-2020"},"content":{"rendered":"\n<p>El plazo para la entrega de las matr\u00edculas ser\u00e1 <strong>del 26 al 28 de junio<\/strong>. <\/p>\n\n\n\n<p>Entregar en <strong>secretar\u00eda de 12:00 a 15:00<\/strong>.<\/p>\n\n\n\n<p>Los <strong>libros de texto<\/strong> excluidos de la gratuidad para el curso 2019-2020 est\u00e1n publicados en la Web del centro (Men\u00fa superior > Curso escolar > Libros de texto) y est\u00e1n expuestos en la puerta principal de entrada.<\/p>\n","protected":false},"excerpt":{"rendered":"<p>El plazo para la entrega de las matr\u00edculas ser\u00e1 del 26 al 28 de junio. Entregar en secretar\u00eda de 12:00 a 15:00. Los libros de texto excluidos de la gratuidad para el curso 2019-2020 est\u00e1n publicados en la Web del centro (Men\u00fa superior > Curso escolar > Libros de texto) y est\u00e1n expuestos en la [&hellip;]<\/p>\n","protected":false},"author":1,"featured_media":0,"comment_status":"open","ping_status":"open","sticky":false,"template":"","format":"standard","meta":{"_genesis_hide_title":false,"_genesis_hide_breadcrumbs":false,"_genesis_hide_singular_image":false,"_genesis_hide_footer_widgets":false,"_genesis_custom_body_class":"","_genesis_custom_post_class":"","_genesis_layout":""},"categories":[1],"tags":[],"_links":{"self":[{"href":"https:\/\/iesomendavia.educacion.navarra.es\/web1\/wp-json\/wp\/v2\/posts\/2791"}],"collection":[{"href":"https:\/\/iesomendavia.educacion.navarra.es\/web1\/wp-json\/wp\/v2\/posts"}],"about":[{"href":"https:\/\/iesomendavia.educacion.navarra.es\/web1\/wp-json\/wp\/v2\/types\/post"}],"author":[{"embeddable":true,"href":"https:\/\/iesomendavia.educacion.navarra.es\/web1\/wp-json\/wp\/v2\/users\/1"}],"replies":[{"embeddable":true,"href":"https:\/\/iesomendavia.educacion.navarra.es\/web1\/wp-json\/wp\/v2\/comments?post=2791"}],"version-history":[{"count":2,"href":"https:\/\/iesomendavia.educacion.navarra.es\/web1\/wp-json\/wp\/v2\/posts\/2791\/revisions"}],"predecessor-version":[{"id":2796,"href":"https:\/\/iesomendavia.educacion.navarra.es\/web1\/wp-json\/wp\/v2\/posts\/2791\/revisions\/2796"}],"wp:attachment":[{"href":"https:\/\/iesomendavia.educacion.navarra.es\/web1\/wp-json\/wp\/v2\/media?parent=2791"}],"wp:term":[{"taxonomy":"category","embeddable":true,"href":"https:\/\/iesomendavia.educacion.navarra.es\/web1\/wp-json\/wp\/v2\/categories?post=2791"},{"taxonomy":"post_tag","embeddable":true,"href":"https:\/\/iesomendavia.educacion.navarra.es\/web1\/wp-json\/wp\/v2\/tags?post=2791"}],"curies":[{"name":"wp","href":"https:\/\/api.w.org\/{rel}","templated":true}]}}