{"id":2629,"date":"2019-05-29T23:18:43","date_gmt":"2019-05-29T21:18:43","guid":{"rendered":"https:\/\/iesomendavia.educacion.navarra.es\/web1\/?p=2629"},"modified":"2019-05-30T10:38:34","modified_gmt":"2019-05-30T08:38:34","slug":"xx-semana-sin-humo","status":"publish","type":"post","link":"https:\/\/iesomendavia.educacion.navarra.es\/web1\/blog\/2019\/05\/29\/xx-semana-sin-humo\/","title":{"rendered":"XX Semana sin humo"},"content":{"rendered":"\n<div class=\"wp-block-image\"><figure class=\"alignright is-resized\"><a href=\"https:\/\/drive.google.com\/file\/d\/0B3Z_DwgZk1sCaW03dkNxbGpZUUU\/view?usp=sharing\" target=\"_blank\" rel=\"noreferrer noopener\"><img loading=\"lazy\" src=\"https:\/\/iesomendavia.educacion.navarra.es\/web1\/wp-content\/uploads\/2019\/05\/huno-1024x697.jpg\" alt=\"\" class=\"wp-image-2633\" width=\"267\" height=\"181\" srcset=\"https:\/\/iesomendavia.educacion.navarra.es\/web1\/wp-content\/uploads\/2019\/05\/huno-1024x697.jpg 1024w, https:\/\/iesomendavia.educacion.navarra.es\/web1\/wp-content\/uploads\/2019\/05\/huno-300x204.jpg 300w, https:\/\/iesomendavia.educacion.navarra.es\/web1\/wp-content\/uploads\/2019\/05\/huno-768x522.jpg 768w, https:\/\/iesomendavia.educacion.navarra.es\/web1\/wp-content\/uploads\/2019\/05\/huno.jpg 1323w\" sizes=\"(max-width: 267px) 100vw, 267px\" \/><\/a><\/figure><\/div>\n\n\n\n<p><strong>\u00abRecupera la inspiraci\u00f3n\u00bb&nbsp;<\/strong>es el lema de la edici\u00f3n 2019 de la campa\u00f1a de concienciaci\u00f3n de la Sociedad Espa\u00f1ola de Medicina de Familia y Comunitaria.&nbsp;Nos recuerdan que desde nuestro centro de salud nos pueden ayudar a dejar de fumar y que \u00ab\u00a1Hoy puede ser un gran d\u00eda&#8230;!\u00bb como cantaba J.M. Serrat. <\/p>\n\n\n\n<p>Desde el Ayuntamiento preocupados por la prevenci\u00f3n del consumo de Cannabis en j\u00f3venes y adolescentes vuelven a convocar el III Concurso de carteles, consulta las <a rel=\"noreferrer noopener\" aria-label=\"bases (abre en una nueva pesta\u00f1a)\" href=\"http:\/\/www.mendavia.es\/bases-iii-concurso-de-cartel-para-campana-de-prevencion-del-consumo-de-cannabis-en-adolescentes-yjovenes\/\" target=\"_blank\">bases<\/a> y an\u00edmate, busca la inspiraci\u00f3n recordando las actividades llevadas a cabo durante el curso con respecto al tema.<\/p>\n\n\n\n<!--more-->\n\n\n\n<div class=\"wp-block-image\"><figure class=\"alignleft\"><img loading=\"lazy\" width=\"336\" height=\"280\" src=\"https:\/\/iesomendavia.educacion.navarra.es\/web1\/wp-content\/uploads\/2019\/05\/Copia-de-Sin-t\u00edtulo-1.jpg\" alt=\"\" class=\"wp-image-2639\" srcset=\"https:\/\/iesomendavia.educacion.navarra.es\/web1\/wp-content\/uploads\/2019\/05\/Copia-de-Sin-t\u00edtulo-1.jpg 336w, https:\/\/iesomendavia.educacion.navarra.es\/web1\/wp-content\/uploads\/2019\/05\/Copia-de-Sin-t\u00edtulo-1-300x250.jpg 300w\" sizes=\"(max-width: 336px) 100vw, 336px\" \/><\/figure><\/div>\n\n\n\n<p>En la anterior edici\u00f3n result\u00f3 ganador a la mejor obra el cartel de&nbsp;<em><strong>Aroa Ciordia y Julen S\u00e1daba<\/strong><\/em>. <em><strong>Sara Navarro, Rosa M\u00aa Exp\u00f3sito y Ainara Ibarra<\/strong><\/em>&nbsp;obtuvieron el reconocimiento a la mejor obra realizada por un autor de Mendavia de 12 a 16 a\u00f1os. <\/p>\n\n\n\n<p>An\u00edmate tienes hasta el 18 de junio, si tienes alguna duda o necesitas alguna orientaci\u00f3n pregunta por la profesora de dibujo del centro.<\/p>\n\n\n\n<p>Para m\u00e1s informaci\u00f3n visita los enlaces:<\/p>\n\n\n\n<ul><li><a rel=\"noreferrer noopener\" aria-label=\"Proyecto europeo Drojnet (abre en una nueva pesta\u00f1a)\" href=\"https:\/\/drive.google.com\/file\/d\/1xtB9p8pTc7aV2x19d8M4C9gUl0nwPYy-\/view?usp=sharing\" target=\"_blank\">Proyecto europeo Drojnet<\/a><\/li><li><a rel=\"noreferrer noopener\" aria-label=\"Asociaci\u00f3n Hegoak\u2028 (abre en una nueva pesta\u00f1a)\" href=\"http:\/\/www.hegoak.org\/\" target=\"_blank\">Asociaci\u00f3n Hegoak<\/a><\/li><li><a rel=\"noreferrer noopener\" aria-label=\"#MejorProntoQueTarde PH\u2028 (abre en una nueva pesta\u00f1a)\" href=\"http:\/\/www.mejorprontoquetarde.org\/\" target=\"_blank\">#MejorProntoQueTarde PH<\/a><\/li><li><a rel=\"noreferrer noopener\" aria-label=\"Proyecto Hombre\u2028 (abre en una nueva pesta\u00f1a)\" href=\"http:\/\/proyectohombre.es\/\" target=\"_blank\">Proyecto Hombre<\/a><\/li><li><a rel=\"noreferrer noopener\" aria-label=\"Prevenci\u00f3n consumo tabaco Navarra\u2028 (abre en una nueva pesta\u00f1a)\" href=\"http:\/\/www.navarra.es\/home_es\/Gobierno+de+Navarra\/Organigrama\/Los+departamentos\/Salud\/Organigrama\/Estructura+Organica\/Instituto+Navarro+de+Salud+Publica\/Publicaciones\/Planes+estrategicos\/Prevencion+del+Consumo+de+Tabaco\/\" target=\"_blank\">Prevenci\u00f3n consumo tabaco Navarra<\/a><\/li><li><a rel=\"noreferrer noopener\" aria-label=\"Plan Foral de drogodependencias \u2028 (abre en una nueva pesta\u00f1a)\" href=\"http:\/\/www.navarra.es\/home_es\/Gobierno+de+Navarra\/Organigrama\/Los+departamentos\/Salud\/Organigrama\/Estructura+Organica\/Instituto+Navarro+de+Salud+Publica\/Publicaciones\/Planes+estrategicos\/Plan+Foral+de+Drogodependencias\/\" target=\"_blank\">Plan Foral de drogodependencias <\/a><\/li><li><a rel=\"noreferrer noopener\" aria-label=\"Prevenci\u00f3n adicciones Madrid\u2028 (abre en una nueva pesta\u00f1a)\" href=\"http:\/\/www.comunidad.madrid\/servicios\/salud\/prevencion-adicciones\" target=\"_blank\">Prevenci\u00f3n adicciones Madrid<\/a><\/li><li><a href=\"http:\/\/www.tabacoff.org\/index.html\">Programa Tabacoff <\/a><\/li><\/ul>\n\n\n\n<p><\/p>\n","protected":false},"excerpt":{"rendered":"<p>\u00abRecupera la inspiraci\u00f3n\u00bb&nbsp;es el lema de la edici\u00f3n 2019 de la campa\u00f1a de concienciaci\u00f3n de la Sociedad Espa\u00f1ola de Medicina de Familia y Comunitaria.&nbsp;Nos recuerdan que desde nuestro centro de salud nos pueden ayudar a dejar de fumar y que \u00ab\u00a1Hoy puede ser un gran d\u00eda&#8230;!\u00bb como cantaba J.M. Serrat. Desde el Ayuntamiento preocupados por [&hellip;]<\/p>\n","protected":false},"author":4,"featured_media":0,"comment_status":"open","ping_status":"open","sticky":false,"template":"","format":"standard","meta":{"_genesis_hide_title":false,"_genesis_hide_breadcrumbs":false,"_genesis_hide_singular_image":false,"_genesis_hide_footer_widgets":false,"_genesis_custom_body_class":"","_genesis_custom_post_class":"","_genesis_layout":""},"categories":[67,1],"tags":[],"_links":{"self":[{"href":"https:\/\/iesomendavia.educacion.navarra.es\/web1\/wp-json\/wp\/v2\/posts\/2629"}],"collection":[{"href":"https:\/\/iesomendavia.educacion.navarra.es\/web1\/wp-json\/wp\/v2\/posts"}],"about":[{"href":"https:\/\/iesomendavia.educacion.navarra.es\/web1\/wp-json\/wp\/v2\/types\/post"}],"author":[{"embeddable":true,"href":"https:\/\/iesomendavia.educacion.navarra.es\/web1\/wp-json\/wp\/v2\/users\/4"}],"replies":[{"embeddable":true,"href":"https:\/\/iesomendavia.educacion.navarra.es\/web1\/wp-json\/wp\/v2\/comments?post=2629"}],"version-history":[{"count":11,"href":"https:\/\/iesomendavia.educacion.navarra.es\/web1\/wp-json\/wp\/v2\/posts\/2629\/revisions"}],"predecessor-version":[{"id":2703,"href":"https:\/\/iesomendavia.educacion.navarra.es\/web1\/wp-json\/wp\/v2\/posts\/2629\/revisions\/2703"}],"wp:attachment":[{"href":"https:\/\/iesomendavia.educacion.navarra.es\/web1\/wp-json\/wp\/v2\/media?parent=2629"}],"wp:term":[{"taxonomy":"category","embeddable":true,"href":"https:\/\/iesomendavia.educacion.navarra.es\/web1\/wp-json\/wp\/v2\/categories?post=2629"},{"taxonomy":"post_tag","embeddable":true,"href":"https:\/\/iesomendavia.educacion.navarra.es\/web1\/wp-json\/wp\/v2\/tags?post=2629"}],"curies":[{"name":"wp","href":"https:\/\/api.w.org\/{rel}","templated":true}]}}