{"id":2626,"date":"2019-05-27T12:43:43","date_gmt":"2019-05-27T10:43:43","guid":{"rendered":"https:\/\/iesomendavia.educacion.navarra.es\/web1\/?p=2626"},"modified":"2019-05-30T10:41:57","modified_gmt":"2019-05-30T08:41:57","slug":"visitamos-atapuerca-y-burgos","status":"publish","type":"post","link":"https:\/\/iesomendavia.educacion.navarra.es\/web1\/blog\/2019\/05\/27\/visitamos-atapuerca-y-burgos\/","title":{"rendered":"Visita a Atapuerca y Burgos"},"content":{"rendered":"\n<div class=\"wp-block-image\"><figure class=\"alignright\"><a href=\"https:\/\/drive.google.com\/drive\/folders\/1xHcRwJFMKW656rHyuwfI97UV2EM7Qx8d?usp=sharing\" target=\"_blank\" rel=\"noreferrer noopener\"><img loading=\"lazy\" width=\"300\" height=\"225\" src=\"https:\/\/iesomendavia.educacion.navarra.es\/web1\/wp-content\/uploads\/2019\/05\/IMG_20190516_131629_1024x768-300x225.jpg\" alt=\"\" class=\"wp-image-2655\" srcset=\"https:\/\/iesomendavia.educacion.navarra.es\/web1\/wp-content\/uploads\/2019\/05\/IMG_20190516_131629_1024x768-300x225.jpg 300w, https:\/\/iesomendavia.educacion.navarra.es\/web1\/wp-content\/uploads\/2019\/05\/IMG_20190516_131629_1024x768-768x576.jpg 768w, https:\/\/iesomendavia.educacion.navarra.es\/web1\/wp-content\/uploads\/2019\/05\/IMG_20190516_131629_1024x768.jpg 1024w\" sizes=\"(max-width: 300px) 100vw, 300px\" \/><\/a><figcaption>Click en la imagen para ver m\u00e1s fotos.<\/figcaption><\/figure><\/div>\n\n\n\n<p> El pasado jueves 16 de mayo el alumnado de 1\u00ba y 2\u00ba de la ESO disfrut\u00f3 de una excursi\u00f3n durante todo el d\u00eda a Atapuerca y Burgos.&nbsp;<br>Por la ma\u00f1ana, tras ver la exposici\u00f3n del punto de acceso a los yacimientos de la sierra de Atapuerca, la primera actividad consisti\u00f3 en un recorrido guiado por el Centro de Arqueolog\u00eda Experimental. <\/p>\n\n\n\n<!--more-->\n\n\n\n<p>En este espacio pudimos conocer de primera mano la manera en la que se elaboraban y utilizaban herramientas en la Prehistoria, c\u00f3mo hac\u00edan fuego o sus formas de enterramiento. Incluso tuvimos la oportunidad de experimentar en primera persona el uso de sus armas de caza o la realizaci\u00f3n de las pinturas rupestres. A continuaci\u00f3n nos dirigimos a los yacimientos y en la Sima del Elefante o en la Gran Dolina comprobamos la importancia de estos hallazgos para el conocimiento de la evoluci\u00f3n humana.<br>Tras una ma\u00f1ana tan ajetreada, tocaba recuperar fuerzas para la tarde. En <\/p>\n\n\n\n<figure class=\"wp-block-image\"><a href=\"https:\/\/iesomendavia.educacion.navarra.es\/web1\/wp-content\/uploads\/2019\/05\/IMG_20190516_162537_1024x768.jpg\"><img loading=\"lazy\" width=\"1024\" height=\"768\" src=\"https:\/\/iesomendavia.educacion.navarra.es\/web1\/wp-content\/uploads\/2019\/05\/IMG_20190516_162537_1024x768-1024x768.jpg\" alt=\"\" class=\"wp-image-2656\" srcset=\"https:\/\/iesomendavia.educacion.navarra.es\/web1\/wp-content\/uploads\/2019\/05\/IMG_20190516_162537_1024x768.jpg 1024w, https:\/\/iesomendavia.educacion.navarra.es\/web1\/wp-content\/uploads\/2019\/05\/IMG_20190516_162537_1024x768-300x225.jpg 300w, https:\/\/iesomendavia.educacion.navarra.es\/web1\/wp-content\/uploads\/2019\/05\/IMG_20190516_162537_1024x768-768x576.jpg 768w\" sizes=\"(max-width: 1024px) 100vw, 1024px\" \/><\/a><\/figure>\n\n\n\n<p>Burgos tuvimos un buen rato libre para comer, y el buen tiempo acompa\u00f1aba para dar un paseo por esta bonita ciudad. Despu\u00e9s nos dividimos en dos grupos de acuerdo a la materia que est\u00e1n estudiando en Sociales en cada curso. 1\u00ba de la ESO continu\u00f3 su viaje a la Prehistoria con la visita guiada al Museo de la Evoluci\u00f3n, repleto de restos arqueol\u00f3gicos y recreaciones. El alumnado de 2\u00ba, por su parte, inici\u00f3 un recorrido por el Burgos medieval en el cual l@s propi@s estudiantes se convirtieron en gu\u00edas de los distintos puntos de inter\u00e9s: el castillo, la muralla o, por supuesto, la Catedral, una de las joyas del arte g\u00f3tico. <\/p>\n","protected":false},"excerpt":{"rendered":"<p>El pasado jueves 16 de mayo el alumnado de 1\u00ba y 2\u00ba de la ESO disfrut\u00f3 de una excursi\u00f3n durante todo el d\u00eda a Atapuerca y Burgos.&nbsp;Por la ma\u00f1ana, tras ver la exposici\u00f3n del punto de acceso a los yacimientos de la sierra de Atapuerca, la primera actividad consisti\u00f3 en un recorrido guiado por el [&hellip;]<\/p>\n","protected":false},"author":1,"featured_media":0,"comment_status":"open","ping_status":"open","sticky":false,"template":"","format":"standard","meta":{"_genesis_hide_title":false,"_genesis_hide_breadcrumbs":false,"_genesis_hide_singular_image":false,"_genesis_hide_footer_widgets":false,"_genesis_custom_body_class":"","_genesis_custom_post_class":"","_genesis_layout":""},"categories":[85,1],"tags":[],"_links":{"self":[{"href":"https:\/\/iesomendavia.educacion.navarra.es\/web1\/wp-json\/wp\/v2\/posts\/2626"}],"collection":[{"href":"https:\/\/iesomendavia.educacion.navarra.es\/web1\/wp-json\/wp\/v2\/posts"}],"about":[{"href":"https:\/\/iesomendavia.educacion.navarra.es\/web1\/wp-json\/wp\/v2\/types\/post"}],"author":[{"embeddable":true,"href":"https:\/\/iesomendavia.educacion.navarra.es\/web1\/wp-json\/wp\/v2\/users\/1"}],"replies":[{"embeddable":true,"href":"https:\/\/iesomendavia.educacion.navarra.es\/web1\/wp-json\/wp\/v2\/comments?post=2626"}],"version-history":[{"count":5,"href":"https:\/\/iesomendavia.educacion.navarra.es\/web1\/wp-json\/wp\/v2\/posts\/2626\/revisions"}],"predecessor-version":[{"id":2704,"href":"https:\/\/iesomendavia.educacion.navarra.es\/web1\/wp-json\/wp\/v2\/posts\/2626\/revisions\/2704"}],"wp:attachment":[{"href":"https:\/\/iesomendavia.educacion.navarra.es\/web1\/wp-json\/wp\/v2\/media?parent=2626"}],"wp:term":[{"taxonomy":"category","embeddable":true,"href":"https:\/\/iesomendavia.educacion.navarra.es\/web1\/wp-json\/wp\/v2\/categories?post=2626"},{"taxonomy":"post_tag","embeddable":true,"href":"https:\/\/iesomendavia.educacion.navarra.es\/web1\/wp-json\/wp\/v2\/tags?post=2626"}],"curies":[{"name":"wp","href":"https:\/\/api.w.org\/{rel}","templated":true}]}}