{"id":2400,"date":"2019-04-05T12:41:01","date_gmt":"2019-04-05T10:41:01","guid":{"rendered":"https:\/\/iesomendavia.educacion.navarra.es\/web1\/?p=2400"},"modified":"2019-04-05T16:11:54","modified_gmt":"2019-04-05T14:11:54","slug":"mendabian-ere-korrika","status":"publish","type":"post","link":"https:\/\/iesomendavia.educacion.navarra.es\/web1\/blog\/2019\/04\/05\/mendabian-ere-korrika\/","title":{"rendered":"MENDABIAN ERE KORRIKA"},"content":{"rendered":"\n<p style=\"text-align:center\"><strong>TTIPI TTAPA TTIPI TTAPA KORRIKA<\/strong> <br><strong>IKA IKA IKA HEMEN DATOR KORRIKA\ufeff<\/strong> <\/p>\n\n\n\n<div class=\"wp-block-image\"><figure class=\"alignleft is-resized\"><a href=\"https:\/\/photos.google.com\/share\/AF1QipMC5c47cTwvMzKSM8I7_iqMSw8Qx8MEzN4erWjLH8TsaWMZY7Gc2KcI_BTvNCTJNw?key=TU9NbVNDX3JnN1RSc1NDbnV0MnRmSXRPd0NBUzN3\" target=\"_blank\" rel=\"noreferrer noopener\"><img loading=\"lazy\" src=\"https:\/\/iesomendavia.educacion.navarra.es\/web1\/wp-content\/uploads\/2019\/04\/KORRIKA.jpg\" alt=\"\" class=\"wp-image-2402\" width=\"267\" height=\"200\" srcset=\"https:\/\/iesomendavia.educacion.navarra.es\/web1\/wp-content\/uploads\/2019\/04\/KORRIKA.jpg 640w, https:\/\/iesomendavia.educacion.navarra.es\/web1\/wp-content\/uploads\/2019\/04\/KORRIKA-300x225.jpg 300w\" sizes=\"(max-width: 267px) 100vw, 267px\" \/><\/a><\/figure><\/div>\n\n\n\n<p>El jueves 4 de abril, aprovechando el inicio por la tarde de la Korrika 2019 bajo el lema KLIKA en Gares (Puente la Reina), los alumnos de euskera de primaria del CPEP San Francisco Javier y de secundaria del IESO Joaqu\u00edn Romera de Mendavia corrimos la Korrika por las calles de Mendavia. <br>Finalizamos la Korrika leyendo el mensaje que iba dentro de nuestro LEKUKO (testigo), como se har\u00e1 el \u00faltimo d\u00eda 14 de abril, al finalizar la Korrika en Gasteiz.  <br><strong>Pincha en la imagen para ver fotos y v\u00eddeos de la Korrika.<\/strong>  <\/p>\n\n\n\n<p><\/p>\n","protected":false},"excerpt":{"rendered":"<p>TTIPI TTAPA TTIPI TTAPA KORRIKA IKA IKA IKA HEMEN DATOR KORRIKA\ufeff El jueves 4 de abril, aprovechando el inicio por la tarde de la Korrika 2019 bajo el lema KLIKA en Gares (Puente la Reina), los alumnos de euskera de primaria del CPEP San Francisco Javier y de secundaria del IESO Joaqu\u00edn Romera de Mendavia [&hellip;]<\/p>\n","protected":false},"author":9,"featured_media":0,"comment_status":"open","ping_status":"open","sticky":false,"template":"","format":"standard","meta":{"_genesis_hide_title":false,"_genesis_hide_breadcrumbs":false,"_genesis_hide_singular_image":false,"_genesis_hide_footer_widgets":false,"_genesis_custom_body_class":"","_genesis_custom_post_class":"","_genesis_layout":""},"categories":[83,1],"tags":[],"_links":{"self":[{"href":"https:\/\/iesomendavia.educacion.navarra.es\/web1\/wp-json\/wp\/v2\/posts\/2400"}],"collection":[{"href":"https:\/\/iesomendavia.educacion.navarra.es\/web1\/wp-json\/wp\/v2\/posts"}],"about":[{"href":"https:\/\/iesomendavia.educacion.navarra.es\/web1\/wp-json\/wp\/v2\/types\/post"}],"author":[{"embeddable":true,"href":"https:\/\/iesomendavia.educacion.navarra.es\/web1\/wp-json\/wp\/v2\/users\/9"}],"replies":[{"embeddable":true,"href":"https:\/\/iesomendavia.educacion.navarra.es\/web1\/wp-json\/wp\/v2\/comments?post=2400"}],"version-history":[{"count":11,"href":"https:\/\/iesomendavia.educacion.navarra.es\/web1\/wp-json\/wp\/v2\/posts\/2400\/revisions"}],"predecessor-version":[{"id":2421,"href":"https:\/\/iesomendavia.educacion.navarra.es\/web1\/wp-json\/wp\/v2\/posts\/2400\/revisions\/2421"}],"wp:attachment":[{"href":"https:\/\/iesomendavia.educacion.navarra.es\/web1\/wp-json\/wp\/v2\/media?parent=2400"}],"wp:term":[{"taxonomy":"category","embeddable":true,"href":"https:\/\/iesomendavia.educacion.navarra.es\/web1\/wp-json\/wp\/v2\/categories?post=2400"},{"taxonomy":"post_tag","embeddable":true,"href":"https:\/\/iesomendavia.educacion.navarra.es\/web1\/wp-json\/wp\/v2\/tags?post=2400"}],"curies":[{"name":"wp","href":"https:\/\/api.w.org\/{rel}","templated":true}]}}