{"id":2253,"date":"2019-03-26T11:46:51","date_gmt":"2019-03-26T10:46:51","guid":{"rendered":"https:\/\/iesomendavia.educacion.navarra.es\/web1\/?p=2253"},"modified":"2019-04-03T13:43:47","modified_gmt":"2019-04-03T11:43:47","slug":"2253","status":"publish","type":"post","link":"https:\/\/iesomendavia.educacion.navarra.es\/web1\/blog\/2019\/03\/26\/2253\/","title":{"rendered":"Redes Sociales y Privacidad"},"content":{"rendered":"\n<div class=\"wp-block-image\"><figure class=\"alignleft is-resized\"><a href=\"https:\/\/iesomendavia.educacion.navarra.es\/web1\/wp-content\/uploads\/2019\/03\/cartel-RRSS-2-1.jpg\"><img loading=\"lazy\" src=\"https:\/\/iesomendavia.educacion.navarra.es\/web1\/wp-content\/uploads\/2019\/03\/cartel-RRSS-2-1-212x300.jpg\" alt=\"\" class=\"wp-image-2258\" width=\"212\" height=\"300\" srcset=\"https:\/\/iesomendavia.educacion.navarra.es\/web1\/wp-content\/uploads\/2019\/03\/cartel-RRSS-2-1-212x300.jpg 212w, https:\/\/iesomendavia.educacion.navarra.es\/web1\/wp-content\/uploads\/2019\/03\/cartel-RRSS-2-1-768x1086.jpg 768w, https:\/\/iesomendavia.educacion.navarra.es\/web1\/wp-content\/uploads\/2019\/03\/cartel-RRSS-2-1-724x1024.jpg 724w\" sizes=\"(max-width: 212px) 100vw, 212px\" \/><\/a><\/figure><\/div>\n\n\n\n<p style=\"text-align:left\">Guillermo C\u00e1novas director del Observatorio para la Promoci\u00f3n del Uso Saludable de la Tecnolog\u00eda <a rel=\"noreferrer noopener\" aria-label=\"edukaLIKE (abre en una nueva pesta\u00f1a)\" href=\"https:\/\/educalike.es\" target=\"_blank\">edukaLIKE<\/a> va a impartir el pr\u00f3ximo <strong>lunes 1 de abril<\/strong> en el <strong>Sal\u00f3n de Actos del Ayuntamiento<\/strong> de Mendavia una charla sobre SALUD DIGITAL, en relaci\u00f3n con las Redes Sociales, nuestra identidad, el tipo de relaciones que establecemos&#8230; <\/p>\n\n\n\n<p>El martes por la ma\u00f1ana seguir\u00e1 ofreciendo formaci\u00f3n a nuestro alumnado durante dos sesiones.<\/p>\n","protected":false},"excerpt":{"rendered":"<p>Guillermo C\u00e1novas director del Observatorio para la Promoci\u00f3n del Uso Saludable de la Tecnolog\u00eda edukaLIKE va a impartir el pr\u00f3ximo lunes 1 de abril en el Sal\u00f3n de Actos del Ayuntamiento de Mendavia una charla sobre SALUD DIGITAL, en relaci\u00f3n con las Redes Sociales, nuestra identidad, el tipo de relaciones que establecemos&#8230; El martes por [&hellip;]<\/p>\n","protected":false},"author":4,"featured_media":0,"comment_status":"open","ping_status":"open","sticky":false,"template":"","format":"standard","meta":{"_genesis_hide_title":false,"_genesis_hide_breadcrumbs":false,"_genesis_hide_singular_image":false,"_genesis_hide_footer_widgets":false,"_genesis_custom_body_class":"","_genesis_custom_post_class":"","_genesis_layout":""},"categories":[6,22,56,64,1],"tags":[],"_links":{"self":[{"href":"https:\/\/iesomendavia.educacion.navarra.es\/web1\/wp-json\/wp\/v2\/posts\/2253"}],"collection":[{"href":"https:\/\/iesomendavia.educacion.navarra.es\/web1\/wp-json\/wp\/v2\/posts"}],"about":[{"href":"https:\/\/iesomendavia.educacion.navarra.es\/web1\/wp-json\/wp\/v2\/types\/post"}],"author":[{"embeddable":true,"href":"https:\/\/iesomendavia.educacion.navarra.es\/web1\/wp-json\/wp\/v2\/users\/4"}],"replies":[{"embeddable":true,"href":"https:\/\/iesomendavia.educacion.navarra.es\/web1\/wp-json\/wp\/v2\/comments?post=2253"}],"version-history":[{"count":17,"href":"https:\/\/iesomendavia.educacion.navarra.es\/web1\/wp-json\/wp\/v2\/posts\/2253\/revisions"}],"predecessor-version":[{"id":2304,"href":"https:\/\/iesomendavia.educacion.navarra.es\/web1\/wp-json\/wp\/v2\/posts\/2253\/revisions\/2304"}],"wp:attachment":[{"href":"https:\/\/iesomendavia.educacion.navarra.es\/web1\/wp-json\/wp\/v2\/media?parent=2253"}],"wp:term":[{"taxonomy":"category","embeddable":true,"href":"https:\/\/iesomendavia.educacion.navarra.es\/web1\/wp-json\/wp\/v2\/categories?post=2253"},{"taxonomy":"post_tag","embeddable":true,"href":"https:\/\/iesomendavia.educacion.navarra.es\/web1\/wp-json\/wp\/v2\/tags?post=2253"}],"curies":[{"name":"wp","href":"https:\/\/api.w.org\/{rel}","templated":true}]}}