{"id":2111,"date":"2019-03-08T08:00:19","date_gmt":"2019-03-08T07:00:19","guid":{"rendered":"https:\/\/iesomendavia.educacion.navarra.es\/web1\/?p=2111"},"modified":"2019-03-08T12:54:55","modified_gmt":"2019-03-08T11:54:55","slug":"dia-internacional-de-la-mujer","status":"publish","type":"post","link":"https:\/\/iesomendavia.educacion.navarra.es\/web1\/blog\/2019\/03\/08\/dia-internacional-de-la-mujer\/","title":{"rendered":"D\u00eda Internacional de la Mujer"},"content":{"rendered":"\n<p>Como cada 8 de Marzo celebramos el d\u00eda de la Mujer, es un buen momento para alegrarnos de los avances logrados, pedir m\u00e1s cambios y celebrar la valent\u00eda y la determinaci\u00f3n de muchas mujeres que han jugado un papel primordial en la historia y en sus comunidades. <br><br>Para todo ello estamos convocados a una concentraci\u00f3n en el Ayuntamiento  despu\u00e9s acudiremos al centro con la <a rel=\"noreferrer noopener\" href=\"https:\/\/d.facebook.com\/afmendavia\/\" target=\"_blank\">Asociaci\u00f3n Feminista de Mendavia<\/a><\/p>\n\n\n\n<p>Os invitamos a reflexionar con un videopoema \u201dCompa\u00f1eras\u201d de Marwan<br><\/p>\n\n\n\n<figure class=\"wp-block-embed-youtube wp-block-embed is-type-video is-provider-youtube wp-embed-aspect-16-9 wp-has-aspect-ratio\"><div class=\"wp-block-embed__wrapper\">\n<iframe loading=\"lazy\" width=\"500\" height=\"281\" src=\"https:\/\/www.youtube.com\/embed\/bAIt0041fqs?feature=oembed\" frameborder=\"0\" allow=\"accelerometer; autoplay; encrypted-media; gyroscope; picture-in-picture\" allowfullscreen><\/iframe>\n<\/div><\/figure>\n\n\n\n<p style=\"background-color:#cd78ec;text-align:right\" class=\"has-background has-drop-cap has-small-font-size\"><em><strong>\u00abMadres, mujeres, hermanas, parejas, compa\u00f1eras, eternas, compa\u00f1eras, milagro, compa\u00f1eras, sin due\u00f1o, compa\u00f1eras, siempre, compa\u00f1eras.\u00bb<\/strong><\/em><strong><br><\/strong>Del libro&nbsp;<em>Todos mis futuros son contigo<\/em>&nbsp;(Planeta, 2015).&nbsp;<\/p>\n","protected":false},"excerpt":{"rendered":"<p>Como cada 8 de Marzo celebramos el d\u00eda de la Mujer, es un buen momento para alegrarnos de los avances logrados, pedir m\u00e1s cambios y celebrar la valent\u00eda y la determinaci\u00f3n de muchas mujeres que han jugado un papel primordial en la historia y en sus comunidades. Para todo ello estamos convocados a una concentraci\u00f3n [&hellip;]<\/p>\n","protected":false},"author":4,"featured_media":0,"comment_status":"open","ping_status":"open","sticky":false,"template":"","format":"standard","meta":{"_genesis_hide_title":false,"_genesis_hide_breadcrumbs":false,"_genesis_hide_singular_image":false,"_genesis_hide_footer_widgets":false,"_genesis_custom_body_class":"","_genesis_custom_post_class":"","_genesis_layout":""},"categories":[56,3,1],"tags":[80,81],"_links":{"self":[{"href":"https:\/\/iesomendavia.educacion.navarra.es\/web1\/wp-json\/wp\/v2\/posts\/2111"}],"collection":[{"href":"https:\/\/iesomendavia.educacion.navarra.es\/web1\/wp-json\/wp\/v2\/posts"}],"about":[{"href":"https:\/\/iesomendavia.educacion.navarra.es\/web1\/wp-json\/wp\/v2\/types\/post"}],"author":[{"embeddable":true,"href":"https:\/\/iesomendavia.educacion.navarra.es\/web1\/wp-json\/wp\/v2\/users\/4"}],"replies":[{"embeddable":true,"href":"https:\/\/iesomendavia.educacion.navarra.es\/web1\/wp-json\/wp\/v2\/comments?post=2111"}],"version-history":[{"count":5,"href":"https:\/\/iesomendavia.educacion.navarra.es\/web1\/wp-json\/wp\/v2\/posts\/2111\/revisions"}],"predecessor-version":[{"id":2150,"href":"https:\/\/iesomendavia.educacion.navarra.es\/web1\/wp-json\/wp\/v2\/posts\/2111\/revisions\/2150"}],"wp:attachment":[{"href":"https:\/\/iesomendavia.educacion.navarra.es\/web1\/wp-json\/wp\/v2\/media?parent=2111"}],"wp:term":[{"taxonomy":"category","embeddable":true,"href":"https:\/\/iesomendavia.educacion.navarra.es\/web1\/wp-json\/wp\/v2\/categories?post=2111"},{"taxonomy":"post_tag","embeddable":true,"href":"https:\/\/iesomendavia.educacion.navarra.es\/web1\/wp-json\/wp\/v2\/tags?post=2111"}],"curies":[{"name":"wp","href":"https:\/\/api.w.org\/{rel}","templated":true}]}}