{"id":1651,"date":"2019-01-02T11:32:11","date_gmt":"2019-01-02T10:32:11","guid":{"rendered":"https:\/\/iesomendavia.educacion.navarra.es\/web1\/?p=1651"},"modified":"2019-04-08T12:35:09","modified_gmt":"2019-04-08T10:35:09","slug":"orientacion-academica-y-profesional","status":"publish","type":"post","link":"https:\/\/iesomendavia.educacion.navarra.es\/web1\/blog\/2019\/01\/02\/orientacion-academica-y-profesional\/","title":{"rendered":"Orientaci\u00f3n acad\u00e9mica y profesional"},"content":{"rendered":"\n<div class=\"wp-block-image\"><figure class=\"alignright\"><img src=\"http:\/\/iesomendavia.educacion.navarra.es\/web\/images\/stories\/nereimagen2.jpg\" alt=\"\"\/><\/figure><\/div>\n\n\n\n<p>El IESO \u201cJoaqu\u00edn Romera\u201d&nbsp; cuenta con un Departamento de Orientaci\u00f3n que os podr\u00e1 ayudar en diversos temas, tales como&nbsp; itinerarios formativos, salidas profesionales, becas, ex\u00e1menes de acceso a ciclos, normativas. Si quer\u00e9is poneros en contacto solo ten\u00e9is que preguntar a vuestras tutoras, ellas os dar\u00e1n una hora y un d\u00eda para que pod\u00e1is acudir.<\/p>\n\n\n\n<p><strong>DIRECCIONES DE INTER\u00c9S<\/strong><\/p>\n\n\n\n<p>&#8211; (<a href=\"http:\/\/www.unavarra.es\/\" target=\"_blank\" rel=\"noreferrer noopener\"><strong>Universidad P\u00fablica de Navarra<\/strong><\/a>)<\/p>\n\n\n\n<p>Al acceder a esta p\u00e1gina podemos pinchar en&nbsp;<a href=\"http:\/\/www.unavarra.es\/perfil-nuevos-estudiantes\/\" target=\"_blank\" rel=\"noreferrer noopener\">\u201cNuevos estudiantes\u201d<\/a>:<\/p>\n\n\n\n<p>\u2022 De esta manera, encontraremos diversa informaci\u00f3n sobre los diferentes grados y m\u00e1steres &nbsp;que oferta la Universidad, sobre los Par\u00e1metros de Ponderaci\u00f3n, notas de corte, precios, becas y premios\u2026<\/p>\n\n\n\n<p>&#8211; (<a href=\"http:\/\/www.educacion.navarra.es\/\" target=\"_blank\" rel=\"noreferrer noopener\"><strong>Departamento de Educaci\u00f3n de Navarra<\/strong><\/a>)<\/p>\n\n\n\n<p>Si vamos a la zona de \u201cAlumnado\u201d podemos acceder a la secci\u00f3n&nbsp;<a rel=\"noreferrer noopener\" href=\"http:\/\/www.educacion.navarra.es\/web\/dpto\/estudios\" target=\"_blank\">\u201cEstudios-Etapas Educativas\u201d<\/a><\/p>\n\n\n\n<p>\u2022 Podemos ver la amplia oferta educativa que tenemos en Navarra (informaci\u00f3n concreta de cada uno de los ciclos, informaci\u00f3n espec\u00edfica de Bachillerato\u2026)<\/p>\n\n\n\n<p>&#8211; (<a href=\"http:\/\/www.educarioja.org\/\" target=\"_blank\" rel=\"noreferrer noopener\"><strong>Direcci\u00f3n General de Educaci\u00f3n de La Rioja<\/strong><\/a>)<\/p>\n\n\n\n<p>o En esta esta p\u00e1gina (optimizada para el navegador Mozilla Firefox) podemos pinchar en \u201cfamilias\u201d y a continuaci\u00f3n en &nbsp;\u201coferta educativa\u201d. Desde ah\u00ed se accede en el men\u00fa de la izquierda a la informaci\u00f3n sobre los ciclos que se ofertan en la Rioja y a informaci\u00f3n concreta de cada uno de ellos. Si tu ordenador no te permite acceder al portal, pincha&nbsp;<a href=\"http:\/\/www.educarioja.org\/educarioja\/html\/docs\/oferta_educativa_2013_14.pdf\">aqu\u00ed&nbsp;<\/a>para descargar un documento en PDF con toda la oferta completa.<\/p>\n\n\n\n<p>&#8211;&nbsp;<a href=\"http:\/\/iespablosarasate.educacion.navarra.es\/\" target=\"_blank\" rel=\"noreferrer noopener\"><strong>Instituto \u201cPablo Sarasate\u201d<\/strong><\/a>&nbsp;de Lodosa<\/p>\n\n\n\n<p>Aqu\u00ed &nbsp;encontrar\u00e1s toda la informaci\u00f3n relacionada con el centro o tambi\u00e9n en el <a href=\"http:\/\/orientacionlodosa.wordpress.com\/\" target=\"_blank\" rel=\"noreferrer noopener\"><strong>Blog de Orientaci\u00f3n<\/strong><\/a>&nbsp;del Instituto.<\/p>\n\n\n\n<p>En este BLOG encontrar\u00e1s informaci\u00f3n y contenidos exclusivos sobre orientaci\u00f3n acad\u00e9mico-profesional. Tambi\u00e9n podr\u00e1s acceder a otras informaciones y enlaces de inter\u00e9s.<\/p>\n\n\n\n<p>&#8211;&nbsp;<a href=\"http:\/\/www.iesega.com\/\"><\/a><a href=\"http:\/\/www.iesega.com\/\" target=\"_blank\" rel=\"noreferrer noopener\"><strong>Instituto \u201cEGA\u201d<\/strong><\/a>&nbsp;de San Adri\u00e1n<\/p>\n\n\n\n<p>Aqu\u00ed &nbsp;encontrar\u00e1s toda la informaci\u00f3n relacionada con el centro.<\/p>\n\n\n\n<p>&#8211;&nbsp;<a href=\"http:\/\/politecnicoestella.educacion.navarra.es\/\" target=\"_blank\" rel=\"noreferrer noopener\"><strong>Instituto Polit\u00e9cnico<\/strong><\/a>, Estella<\/p>\n\n\n\n<p>Aqu\u00ed &nbsp;encontrar\u00e1s toda la informaci\u00f3n relacionada con el centro.<\/p>\n\n\n\n<p><strong>&#8211;&nbsp;<a href=\"http:\/\/www.orientaline.es\/?yafxb=91806\" target=\"_blank\" rel=\"noreferrer noopener\" aria-label=\" (abre en una nueva pesta\u00f1a)\">ORIENTA<\/a><\/strong>. Web que te ayudar\u00e1 a decidir que estudios cursar.<\/p>\n\n\n\n<div class=\"wp-block-image\"><figure class=\"alignleft is-resized\"><img loading=\"lazy\" src=\"http:\/\/iesomendavia.educacion.navarra.es\/web\/images\/stories\/imagen%203.jpg\" alt=\"\" width=\"138\" height=\"138\"\/><\/figure><\/div>\n\n\n\n<p><strong>DOCUMENTOS DE INTER\u00c9S<\/strong><\/p>\n\n\n\n<p>Informaci\u00f3n sobre ESO, Bachiller y EVAU (Pruebas de Acceso a la Universidad) del Gobierno de Navarra.  <br>La informaci\u00f3n la podemos encontrar en el portal de Educaci\u00f3n del Gobierno de Navarra, concretamente en las siguientes direcciones: <\/p>\n\n\n\n<p style=\"text-align:left\"><strong>&#8211;&nbsp;<a href=\"https:\/\/www.educacion.navarra.es\/web\/dpto\/educacion-secundaria-obligatoria\" target=\"_blank\" rel=\"noreferrer noopener\">ESO<\/a><\/strong><\/p>\n\n\n\n<p><strong>&#8211;&nbsp;<a href=\"http:\/\/www.unavarra.es\/estudios\/acceso-y-matricula\/grados\/pruebas-de-acceso-a-la-universidad\/selectividad?submenu=yes\" target=\"_blank\" rel=\"noreferrer noopener\">EVAU<\/a><\/strong><\/p>\n\n\n\n<p><strong>&#8211;&nbsp;<a href=\"https:\/\/www.educacion.navarra.es\/web\/dpto\/bachillerato\" target=\"_blank\" rel=\"noreferrer noopener\">Bachillerato<\/a><\/strong><\/p>\n\n\n\n<p><strong>&#8211;&nbsp;<a href=\"http:\/\/todofp.es\/inicio.html\" target=\"_blank\" rel=\"noreferrer noopener\">FP<\/a><\/strong><\/p>\n\n\n\n<p>Este material est\u00e1 elaborado de manera que la consulta la puedas realizar a trav\u00e9s de la web, ya que por medio de distintos enlaces puedes disponer de la informaci\u00f3n de una manera inmediata.&nbsp;<\/p>\n","protected":false},"excerpt":{"rendered":"<p>El IESO \u201cJoaqu\u00edn Romera\u201d&nbsp; cuenta con un Departamento de Orientaci\u00f3n que os podr\u00e1 ayudar en diversos temas, tales como&nbsp; itinerarios formativos, salidas profesionales, becas, ex\u00e1menes de acceso a ciclos, normativas. Si quer\u00e9is poneros en contacto solo ten\u00e9is que preguntar a vuestras tutoras, ellas os dar\u00e1n una hora y un d\u00eda para que pod\u00e1is acudir. DIRECCIONES [&hellip;]<\/p>\n","protected":false},"author":1,"featured_media":0,"comment_status":"open","ping_status":"open","sticky":false,"template":"","format":"standard","meta":{"_genesis_hide_title":false,"_genesis_hide_breadcrumbs":false,"_genesis_hide_singular_image":false,"_genesis_hide_footer_widgets":false,"_genesis_custom_body_class":"","_genesis_custom_post_class":"","_genesis_layout":""},"categories":[77],"tags":[],"_links":{"self":[{"href":"https:\/\/iesomendavia.educacion.navarra.es\/web1\/wp-json\/wp\/v2\/posts\/1651"}],"collection":[{"href":"https:\/\/iesomendavia.educacion.navarra.es\/web1\/wp-json\/wp\/v2\/posts"}],"about":[{"href":"https:\/\/iesomendavia.educacion.navarra.es\/web1\/wp-json\/wp\/v2\/types\/post"}],"author":[{"embeddable":true,"href":"https:\/\/iesomendavia.educacion.navarra.es\/web1\/wp-json\/wp\/v2\/users\/1"}],"replies":[{"embeddable":true,"href":"https:\/\/iesomendavia.educacion.navarra.es\/web1\/wp-json\/wp\/v2\/comments?post=1651"}],"version-history":[{"count":6,"href":"https:\/\/iesomendavia.educacion.navarra.es\/web1\/wp-json\/wp\/v2\/posts\/1651\/revisions"}],"predecessor-version":[{"id":1994,"href":"https:\/\/iesomendavia.educacion.navarra.es\/web1\/wp-json\/wp\/v2\/posts\/1651\/revisions\/1994"}],"wp:attachment":[{"href":"https:\/\/iesomendavia.educacion.navarra.es\/web1\/wp-json\/wp\/v2\/media?parent=1651"}],"wp:term":[{"taxonomy":"category","embeddable":true,"href":"https:\/\/iesomendavia.educacion.navarra.es\/web1\/wp-json\/wp\/v2\/categories?post=1651"},{"taxonomy":"post_tag","embeddable":true,"href":"https:\/\/iesomendavia.educacion.navarra.es\/web1\/wp-json\/wp\/v2\/tags?post=1651"}],"curies":[{"name":"wp","href":"https:\/\/api.w.org\/{rel}","templated":true}]}}