{"id":1273,"date":"2018-11-30T00:07:29","date_gmt":"2018-11-29T23:07:29","guid":{"rendered":"https:\/\/iesomendavia.educacion.navarra.es\/web1\/?p=1273"},"modified":"2018-12-10T12:26:19","modified_gmt":"2018-12-10T11:26:19","slug":"xv-jornada-de-prevencion-de-drogodependencias","status":"publish","type":"post","link":"https:\/\/iesomendavia.educacion.navarra.es\/web1\/blog\/2018\/11\/30\/xv-jornada-de-prevencion-de-drogodependencias\/","title":{"rendered":"XV Jornada de Prevenci\u00f3n de Drogodependencias"},"content":{"rendered":"<p><span style=\"color: #008000;\"><em><strong>\u2018Prevenci\u00f3n: educaci\u00f3n, cuidado de la salud y deporte. \u00a1Juntos contra las drogas!\u2019<\/strong><\/em><\/span><\/p>\n<p>Hoy 29 de Noviembre hemos celebrado las XV Jornadas de Prevenci\u00f3n de Drogodependencias.<br \/>\nPor la ma\u00f1ana el alumnado de 3\u00ba y 4\u00ba asistieron a una charla en el Ayuntamiento \u2018Nuevas drogas emergentes\u2019, a cargo del doctor e investigador de la Universidad del Pa\u00eds Vasco Koldo Callado.<\/p>\n<p>Siguiendo con nuestra Semana de los Buenos Tratos en el recreo el alumnado de 1\u00ba con sus tutoras nos mostraron un baile en el patio incorporando una coreograf\u00eda que nos hablaba de coeducaci\u00f3n \u00ab<a href=\"https:\/\/sites.google.com\/view\/dependedelos2\" target=\"_blank\" rel=\"noopener\">Dependedelos2<\/a>\u00bb<\/p>\n<p>Despu\u00e9s del recreo hemos participado en la <a href=\"https:\/\/www.savethechildren.es\/kilometros-de-solidaridad\" target=\"_blank\" rel=\"noopener\">XV Edici\u00f3n carrera kil\u00f3metros de solidaridad<\/a>\u00a0de Save the Children, una carrera escolar por el derecho a la educaci\u00f3n junto con los ni\u00f1os y ni\u00f1as de 3, 4, 5 y 6 a\u00f1os con los otros centros educativos de Mendavia.<\/p>\n<p>En la Plaza de los Fueros se han escrito lemas, emociones, sensaciones&#8230; en relaci\u00f3n con la jornada y un almuerzo, todo ello junto a unas palabras y un baile.<\/p>\n<p><a href=\"https:\/\/www.facebook.com\/profile.php?id=100010401738445&amp;__tn__=%2CdC-R-R&amp;eid=ARB-U-juvquGtrUNHiPD45uWcn2K9A7I0qv6aEDiDUrCCNqhaZ-2rzKvFl4IUBf1a7GlVwt47gYrP67-&amp;hc_ref=ARTeMNA0V8YBhGI2oN70YMTYkKm_HhJsfJCRYBkUzBXk5TJDxG2RdpwqXU_J2EnFA98&amp;fref=nf\" target=\"_blank\" rel=\"noopener\"><img loading=\"lazy\" class=\"size-medium wp-image-1274 aligncenter\" src=\"https:\/\/iesomendavia.educacion.navarra.es\/web1\/wp-content\/uploads\/2018\/11\/carrera-255x300.gif\" alt=\"\" width=\"255\" height=\"300\" \/><\/a><\/p>\n","protected":false},"excerpt":{"rendered":"<p>\u2018Prevenci\u00f3n: educaci\u00f3n, cuidado de la salud y deporte. \u00a1Juntos contra las drogas!\u2019 Hoy 29 de Noviembre hemos celebrado las XV Jornadas de Prevenci\u00f3n de Drogodependencias. Por la ma\u00f1ana el alumnado de 3\u00ba y 4\u00ba asistieron a una charla en el Ayuntamiento \u2018Nuevas drogas emergentes\u2019, a cargo del doctor e investigador de la Universidad del Pa\u00eds [&hellip;]<\/p>\n","protected":false},"author":4,"featured_media":0,"comment_status":"open","ping_status":"open","sticky":false,"template":"","format":"standard","meta":{"_genesis_hide_title":false,"_genesis_hide_breadcrumbs":false,"_genesis_hide_singular_image":false,"_genesis_hide_footer_widgets":false,"_genesis_custom_body_class":"","_genesis_custom_post_class":"","_genesis_layout":""},"categories":[6,56,3,1],"tags":[],"_links":{"self":[{"href":"https:\/\/iesomendavia.educacion.navarra.es\/web1\/wp-json\/wp\/v2\/posts\/1273"}],"collection":[{"href":"https:\/\/iesomendavia.educacion.navarra.es\/web1\/wp-json\/wp\/v2\/posts"}],"about":[{"href":"https:\/\/iesomendavia.educacion.navarra.es\/web1\/wp-json\/wp\/v2\/types\/post"}],"author":[{"embeddable":true,"href":"https:\/\/iesomendavia.educacion.navarra.es\/web1\/wp-json\/wp\/v2\/users\/4"}],"replies":[{"embeddable":true,"href":"https:\/\/iesomendavia.educacion.navarra.es\/web1\/wp-json\/wp\/v2\/comments?post=1273"}],"version-history":[{"count":4,"href":"https:\/\/iesomendavia.educacion.navarra.es\/web1\/wp-json\/wp\/v2\/posts\/1273\/revisions"}],"predecessor-version":[{"id":1283,"href":"https:\/\/iesomendavia.educacion.navarra.es\/web1\/wp-json\/wp\/v2\/posts\/1273\/revisions\/1283"}],"wp:attachment":[{"href":"https:\/\/iesomendavia.educacion.navarra.es\/web1\/wp-json\/wp\/v2\/media?parent=1273"}],"wp:term":[{"taxonomy":"category","embeddable":true,"href":"https:\/\/iesomendavia.educacion.navarra.es\/web1\/wp-json\/wp\/v2\/categories?post=1273"},{"taxonomy":"post_tag","embeddable":true,"href":"https:\/\/iesomendavia.educacion.navarra.es\/web1\/wp-json\/wp\/v2\/tags?post=1273"}],"curies":[{"name":"wp","href":"https:\/\/api.w.org\/{rel}","templated":true}]}}