{"id":1101,"date":"2018-10-16T01:14:24","date_gmt":"2018-10-15T23:14:24","guid":{"rendered":"https:\/\/iesomendavia.educacion.navarra.es\/web1\/?p=1101"},"modified":"2018-10-22T13:53:43","modified_gmt":"2018-10-22T11:53:43","slug":"dia-mundial-de-la-alimentacion-nuestras-acciones-son-nuestro-futuro","status":"publish","type":"post","link":"https:\/\/iesomendavia.educacion.navarra.es\/web1\/blog\/2018\/10\/16\/dia-mundial-de-la-alimentacion-nuestras-acciones-son-nuestro-futuro\/","title":{"rendered":"D\u00eda de la alimentaci\u00f3n"},"content":{"rendered":"<h4><strong>Nuestras acciones son nuestro futuro<\/strong><\/h4>\n<p>Hoy <strong>16 de octubre<\/strong> se celebra el <em><strong>D\u00eda Mundial de la Alimentaci\u00f3n<\/strong><\/em>. Este a\u00f1o la FAO ha elegido como tema de reflexi\u00f3n para este d\u00eda el desaf\u00edo del Hambre Cero.<\/p>\n<p style=\"text-align: left;\">Desde el IESO Joaqu\u00edn Romera tambi\u00e9n hemos querido reflexionar sobre esta celebraci\u00f3n conociendo los otros\u00a0<a href=\"https:\/\/youtu.be\/MCKH5xk8X-g\" target=\"_blank\" rel=\"noopener\">Objetivos de Desarrollo Sostenible<\/a>\u00a0de la agenda para el 2030 de la UNESCO.<\/p>\n<p><iframe loading=\"lazy\" width=\"500\" height=\"281\" src=\"https:\/\/www.youtube.com\/embed\/VexzOlZNUf4?feature=oembed\" frameborder=\"0\" allow=\"autoplay; encrypted-media\" allowfullscreen><\/iframe><\/p>\n<p><!--more--><\/p>\n<p style=\"text-align: left;\">Para conseguir El Hambre Cero tenemos que trabajar juntos para que en todas partes, se tengan acceso a alimentos saludables y nutritivos. Para lograrlo, debemos adoptar un estilo de vida m\u00e1s sostenible y estar dispuestos a ayudar a cambiar el mundo para mejor.<\/p>\n<p>Los conflictos, los fen\u00f3menos meteorol\u00f3gicos extremos relacionados con el cambio clim\u00e1tico, la recesi\u00f3n econ\u00f3mica y el r\u00e1pido aumento de los niveles de sobrepeso y obesidad est\u00e1n invirtiendo el progreso logrado en la lucha contra el hambre y la malnutrici\u00f3n. Despu\u00e9s de a\u00f1os de declive, el hambre ha vuelto a aumentar; 821 millones de personas la sufren.<\/p>\n","protected":false},"excerpt":{"rendered":"<p>Nuestras acciones son nuestro futuro Hoy 16 de octubre se celebra el D\u00eda Mundial de la Alimentaci\u00f3n. Este a\u00f1o la FAO ha elegido como tema de reflexi\u00f3n para este d\u00eda el desaf\u00edo del Hambre Cero. Desde el IESO Joaqu\u00edn Romera tambi\u00e9n hemos querido reflexionar sobre esta celebraci\u00f3n conociendo los otros\u00a0Objetivos de Desarrollo Sostenible\u00a0de la agenda [&hellip;]<\/p>\n","protected":false},"author":4,"featured_media":1103,"comment_status":"open","ping_status":"open","sticky":false,"template":"","format":"standard","meta":{"_genesis_hide_title":false,"_genesis_hide_breadcrumbs":false,"_genesis_hide_singular_image":false,"_genesis_hide_footer_widgets":false,"_genesis_custom_body_class":"","_genesis_custom_post_class":"","_genesis_layout":""},"categories":[6,1],"tags":[65,66],"_links":{"self":[{"href":"https:\/\/iesomendavia.educacion.navarra.es\/web1\/wp-json\/wp\/v2\/posts\/1101"}],"collection":[{"href":"https:\/\/iesomendavia.educacion.navarra.es\/web1\/wp-json\/wp\/v2\/posts"}],"about":[{"href":"https:\/\/iesomendavia.educacion.navarra.es\/web1\/wp-json\/wp\/v2\/types\/post"}],"author":[{"embeddable":true,"href":"https:\/\/iesomendavia.educacion.navarra.es\/web1\/wp-json\/wp\/v2\/users\/4"}],"replies":[{"embeddable":true,"href":"https:\/\/iesomendavia.educacion.navarra.es\/web1\/wp-json\/wp\/v2\/comments?post=1101"}],"version-history":[{"count":20,"href":"https:\/\/iesomendavia.educacion.navarra.es\/web1\/wp-json\/wp\/v2\/posts\/1101\/revisions"}],"predecessor-version":[{"id":1149,"href":"https:\/\/iesomendavia.educacion.navarra.es\/web1\/wp-json\/wp\/v2\/posts\/1101\/revisions\/1149"}],"wp:featuredmedia":[{"embeddable":true,"href":"https:\/\/iesomendavia.educacion.navarra.es\/web1\/wp-json\/wp\/v2\/media\/1103"}],"wp:attachment":[{"href":"https:\/\/iesomendavia.educacion.navarra.es\/web1\/wp-json\/wp\/v2\/media?parent=1101"}],"wp:term":[{"taxonomy":"category","embeddable":true,"href":"https:\/\/iesomendavia.educacion.navarra.es\/web1\/wp-json\/wp\/v2\/categories?post=1101"},{"taxonomy":"post_tag","embeddable":true,"href":"https:\/\/iesomendavia.educacion.navarra.es\/web1\/wp-json\/wp\/v2\/tags?post=1101"}],"curies":[{"name":"wp","href":"https:\/\/api.w.org\/{rel}","templated":true}]}}