{"id":723,"date":"2018-02-13T22:44:12","date_gmt":"2018-02-13T21:44:12","guid":{"rendered":"https:\/\/iesomendavia.educacion.navarra.es\/web1\/webantigua\/2018\/02\/13\/14-de-febrero-san-valentin\/"},"modified":"2018-02-13T22:44:12","modified_gmt":"2018-02-13T21:44:12","slug":"14-de-febrero-san-valentin","status":"publish","type":"post","link":"https:\/\/iesomendavia.educacion.navarra.es\/web1\/webantigua\/2018\/02\/13\/14-de-febrero-san-valentin\/","title":{"rendered":"14 DE FEBRERO \u00abSan Valent\u00edn\u00bb"},"content":{"rendered":"<p><span style=\"font-size: 10pt;\"><span style=\"font-family: Arial; background-color: transparent; vertical-align: baseline; white-space: pre-wrap;\">El AMOR no distingue g\u00e9nero, nacionalidad, discapacidad\u2026 Como dice el t\u00edtulo de esta campa\u00f1a del 2015 \u201cEl amor no tiene etiquetas\u201d<\/span><span style=\"font-family: Arial; background-color: transparent; font-weight: bold; vertical-align: baseline; white-space: pre-wrap;\"> <\/span><span style=\"font-family: Arial; background-color: transparent; font-weight: bold; font-style: italic; vertical-align: baseline; white-space: pre-wrap;\"><a href=\"https:\/\/www.youtube.com\/watch?v=PnDgZuGIhHs\">Love Has no Labels<\/a>.<\/span><\/span><\/p>\n<p dir=\"ltr\" style=\"line-height: 1.38; margin-top: 0pt; margin-bottom: 0pt; text-align: justify;\"><span style=\"font-size: 10pt; font-family: Arial; background-color: transparent; vertical-align: baseline; white-space: pre-wrap;\">Una campa\u00f1a que busca que reflexionemos sobre si juzgamos precipitadamente a los dem\u00e1s en base a lo que vemos, prejuicios m\u00e1s o menos conscientes.<\/span><\/p>\n","protected":false},"excerpt":{"rendered":"<p>El AMOR no distingue g\u00e9nero, nacionalidad, discapacidad\u2026 Como dice el t\u00edtulo de esta campa\u00f1a del 2015 \u201cEl amor no tiene etiquetas\u201d Love Has no Labels. Una campa\u00f1a que busca que reflexionemos sobre si juzgamos precipitadamente a los dem\u00e1s en base &hellip; <a href=\"https:\/\/iesomendavia.educacion.navarra.es\/web1\/webantigua\/2018\/02\/13\/14-de-febrero-san-valentin\/\">Sigue leyendo <span class=\"meta-nav\">&rarr;<\/span><\/a><\/p>\n","protected":false},"author":2,"featured_media":0,"comment_status":"closed","ping_status":"closed","sticky":false,"template":"","format":"standard","meta":[],"categories":[50],"tags":[],"_links":{"self":[{"href":"https:\/\/iesomendavia.educacion.navarra.es\/web1\/webantigua\/wp-json\/wp\/v2\/posts\/723"}],"collection":[{"href":"https:\/\/iesomendavia.educacion.navarra.es\/web1\/webantigua\/wp-json\/wp\/v2\/posts"}],"about":[{"href":"https:\/\/iesomendavia.educacion.navarra.es\/web1\/webantigua\/wp-json\/wp\/v2\/types\/post"}],"author":[{"embeddable":true,"href":"https:\/\/iesomendavia.educacion.navarra.es\/web1\/webantigua\/wp-json\/wp\/v2\/users\/2"}],"replies":[{"embeddable":true,"href":"https:\/\/iesomendavia.educacion.navarra.es\/web1\/webantigua\/wp-json\/wp\/v2\/comments?post=723"}],"version-history":[{"count":0,"href":"https:\/\/iesomendavia.educacion.navarra.es\/web1\/webantigua\/wp-json\/wp\/v2\/posts\/723\/revisions"}],"wp:attachment":[{"href":"https:\/\/iesomendavia.educacion.navarra.es\/web1\/webantigua\/wp-json\/wp\/v2\/media?parent=723"}],"wp:term":[{"taxonomy":"category","embeddable":true,"href":"https:\/\/iesomendavia.educacion.navarra.es\/web1\/webantigua\/wp-json\/wp\/v2\/categories?post=723"},{"taxonomy":"post_tag","embeddable":true,"href":"https:\/\/iesomendavia.educacion.navarra.es\/web1\/webantigua\/wp-json\/wp\/v2\/tags?post=723"}],"curies":[{"name":"wp","href":"https:\/\/api.w.org\/{rel}","templated":true}]}}