{"id":518,"date":"2016-02-10T13:32:50","date_gmt":"2016-02-10T12:32:50","guid":{"rendered":"https:\/\/iesomendavia.educacion.navarra.es\/web1\/webantigua\/2016\/02\/10\/concurso-dibujo\/"},"modified":"2016-02-10T13:32:50","modified_gmt":"2016-02-10T12:32:50","slug":"concurso-dibujo","status":"publish","type":"post","link":"https:\/\/iesomendavia.educacion.navarra.es\/web1\/webantigua\/2016\/02\/10\/concurso-dibujo\/","title":{"rendered":"CONCURSO DE DIBUJO SOLIDARIO CON EL AUTISMO"},"content":{"rendered":"<p style=\"text-align: justify;\"><span lang=\"ES-TRAD\">\u00a0<\/span><\/p>\n<p><a href=\"http:\/\/www.autismonavarra.com\/\" target=\"_blank\"><img loading=\"lazy\" class=\" alignright size-full wp-image-517\" src=\"https:\/\/iesomendavia.educacion.navarra.es\/web1\/webantigua\/wp-content\/uploads\/sites\/4\/2016\/02\/Rub%C3%A9n_Os%C3%A9s.jpg\" alt=\"Rub\u00e9n Os\u00e9s\" style=\"display: block; margin-left: 4px; float: right;\" height=\"238\" width=\"168\" \/><\/a><span lang=\"ES-TRAD\"><span><\/span><\/span><\/p>\n<p style=\"text-align: justify;\"><span lang=\"ES-TRAD\" style=\"font-size: 12pt;\">\u00a0<\/span><\/p>\n<p style=\"text-align: justify;\"><span lang=\"ES-TRAD\" style=\"font-size: 12pt;\">El pasado 2 de Abril se celebr\u00f3 el D\u00eda Mundial sobre el Autismo y hubo una concentraci\u00f3n multitudinaria en Pamplona donde se entregaron los premios del\u00a0<strong>V Concurso de Dibujo para la divulgaci\u00f3n y sensibilizaci\u00f3n sobre el autismo,\u00a0<\/strong>convocado por la Asociaci\u00f3n Navarra de Autismo.<br \/><\/span><\/p>\n<p style=\"text-align: justify;\"><span lang=\"ES-TRAD\" style=\"font-size: 12pt;\">\u00a0<\/span><\/p>\n<p style=\"text-align: justify;\"><span lang=\"ES-TRAD\" style=\"font-size: 12pt;\">Desde el centro queremos felicitar a\u00a0<span lang=\"ES-TRAD\">Rub\u00e9n Os\u00e9s de 3\u00baA que result\u00f3 ganador con este espl\u00e9ndido trabajo. Si quieres conocer m\u00e1s sobre el autismo sigue el enlace del dibujo.<\/span><\/span><\/p>\n<p><span lang=\"ES-TRAD\" style=\"font-size: 12pt;\">\u00a0<\/span><\/p>\n","protected":false},"excerpt":{"rendered":"<p>\u00a0 \u00a0 El pasado 2 de Abril se celebr\u00f3 el D\u00eda Mundial sobre el Autismo y hubo una concentraci\u00f3n multitudinaria en Pamplona donde se entregaron los premios del\u00a0V Concurso de Dibujo para la divulgaci\u00f3n y sensibilizaci\u00f3n sobre el autismo,\u00a0convocado por &hellip; <a href=\"https:\/\/iesomendavia.educacion.navarra.es\/web1\/webantigua\/2016\/02\/10\/concurso-dibujo\/\">Sigue leyendo <span class=\"meta-nav\">&rarr;<\/span><\/a><\/p>\n","protected":false},"author":2,"featured_media":517,"comment_status":"closed","ping_status":"closed","sticky":false,"template":"","format":"standard","meta":[],"categories":[42],"tags":[],"_links":{"self":[{"href":"https:\/\/iesomendavia.educacion.navarra.es\/web1\/webantigua\/wp-json\/wp\/v2\/posts\/518"}],"collection":[{"href":"https:\/\/iesomendavia.educacion.navarra.es\/web1\/webantigua\/wp-json\/wp\/v2\/posts"}],"about":[{"href":"https:\/\/iesomendavia.educacion.navarra.es\/web1\/webantigua\/wp-json\/wp\/v2\/types\/post"}],"author":[{"embeddable":true,"href":"https:\/\/iesomendavia.educacion.navarra.es\/web1\/webantigua\/wp-json\/wp\/v2\/users\/2"}],"replies":[{"embeddable":true,"href":"https:\/\/iesomendavia.educacion.navarra.es\/web1\/webantigua\/wp-json\/wp\/v2\/comments?post=518"}],"version-history":[{"count":0,"href":"https:\/\/iesomendavia.educacion.navarra.es\/web1\/webantigua\/wp-json\/wp\/v2\/posts\/518\/revisions"}],"wp:featuredmedia":[{"embeddable":true,"href":"https:\/\/iesomendavia.educacion.navarra.es\/web1\/webantigua\/wp-json\/wp\/v2\/media\/517"}],"wp:attachment":[{"href":"https:\/\/iesomendavia.educacion.navarra.es\/web1\/webantigua\/wp-json\/wp\/v2\/media?parent=518"}],"wp:term":[{"taxonomy":"category","embeddable":true,"href":"https:\/\/iesomendavia.educacion.navarra.es\/web1\/webantigua\/wp-json\/wp\/v2\/categories?post=518"},{"taxonomy":"post_tag","embeddable":true,"href":"https:\/\/iesomendavia.educacion.navarra.es\/web1\/webantigua\/wp-json\/wp\/v2\/tags?post=518"}],"curies":[{"name":"wp","href":"https:\/\/api.w.org\/{rel}","templated":true}]}}