{"id":512,"date":"2016-02-01T10:30:32","date_gmt":"2016-02-01T09:30:32","guid":{"rendered":"https:\/\/iesomendavia.educacion.navarra.es\/web1\/webantigua\/2016\/02\/01\/las-celulas-eucariotas-animal-y-vegetal\/"},"modified":"2016-02-01T10:30:32","modified_gmt":"2016-02-01T09:30:32","slug":"las-celulas-eucariotas-animal-y-vegetal","status":"publish","type":"post","link":"https:\/\/iesomendavia.educacion.navarra.es\/web1\/webantigua\/2016\/02\/01\/las-celulas-eucariotas-animal-y-vegetal\/","title":{"rendered":"Las c\u00e9lulas eucariotas animal y vegetal"},"content":{"rendered":"<p>Estas son las c\u00e9lulas de plastilina con todos sus org\u00e1nulos que han realizado los alumnos\/as de 1\u00ba ESO. \u00a1Buen trabajo chicos!<\/p>\n<p>\u00c2\u00a0<\/p>\n<p><img loading=\"lazy\" class=\" size-full wp-image-506\" src=\"https:\/\/iesomendavia.educacion.navarra.es\/web1\/webantigua\/wp-content\/uploads\/sites\/4\/2016\/02\/20160127_100716.jpg\" width=\"500\" height=\"300\" style=\"display: block; margin-left: auto; margin-right: auto; vertical-align: middle;\" srcset=\"https:\/\/iesomendavia.educacion.navarra.es\/web1\/webantigua\/wp-content\/uploads\/sites\/4\/2016\/02\/20160127_100716.jpg 2560w, https:\/\/iesomendavia.educacion.navarra.es\/web1\/webantigua\/wp-content\/uploads\/sites\/4\/2016\/02\/20160127_100716-300x180.jpg 300w, https:\/\/iesomendavia.educacion.navarra.es\/web1\/webantigua\/wp-content\/uploads\/sites\/4\/2016\/02\/20160127_100716-768x461.jpg 768w, https:\/\/iesomendavia.educacion.navarra.es\/web1\/webantigua\/wp-content\/uploads\/sites\/4\/2016\/02\/20160127_100716-1024x614.jpg 1024w\" sizes=\"(max-width: 500px) 100vw, 500px\" \/><\/p>\n<p>\u00c2\u00a0<\/p>\n<p><img loading=\"lazy\" class=\" size-full wp-image-507\" src=\"https:\/\/iesomendavia.educacion.navarra.es\/web1\/webantigua\/wp-content\/uploads\/sites\/4\/2016\/02\/20160127_101141.jpg\" style=\"display: block; margin-left: auto; margin-right: auto;\" width=\"500\" height=\"300\" srcset=\"https:\/\/iesomendavia.educacion.navarra.es\/web1\/webantigua\/wp-content\/uploads\/sites\/4\/2016\/02\/20160127_101141.jpg 2560w, https:\/\/iesomendavia.educacion.navarra.es\/web1\/webantigua\/wp-content\/uploads\/sites\/4\/2016\/02\/20160127_101141-300x180.jpg 300w, https:\/\/iesomendavia.educacion.navarra.es\/web1\/webantigua\/wp-content\/uploads\/sites\/4\/2016\/02\/20160127_101141-768x461.jpg 768w, https:\/\/iesomendavia.educacion.navarra.es\/web1\/webantigua\/wp-content\/uploads\/sites\/4\/2016\/02\/20160127_101141-1024x614.jpg 1024w\" sizes=\"(max-width: 500px) 100vw, 500px\" \/><\/p>\n<p>\u00c2\u00a0<\/p>\n<p><img loading=\"lazy\" class=\" size-full wp-image-508\" src=\"https:\/\/iesomendavia.educacion.navarra.es\/web1\/webantigua\/wp-content\/uploads\/sites\/4\/2016\/02\/20160127_101243.jpg\" style=\"display: block; margin-left: auto; margin-right: auto;\" width=\"500\" height=\"300\" srcset=\"https:\/\/iesomendavia.educacion.navarra.es\/web1\/webantigua\/wp-content\/uploads\/sites\/4\/2016\/02\/20160127_101243.jpg 2560w, https:\/\/iesomendavia.educacion.navarra.es\/web1\/webantigua\/wp-content\/uploads\/sites\/4\/2016\/02\/20160127_101243-300x180.jpg 300w, https:\/\/iesomendavia.educacion.navarra.es\/web1\/webantigua\/wp-content\/uploads\/sites\/4\/2016\/02\/20160127_101243-768x461.jpg 768w, https:\/\/iesomendavia.educacion.navarra.es\/web1\/webantigua\/wp-content\/uploads\/sites\/4\/2016\/02\/20160127_101243-1024x614.jpg 1024w\" sizes=\"(max-width: 500px) 100vw, 500px\" \/><\/p>\n<p>\u00c2\u00a0<\/p>\n<p><img loading=\"lazy\" class=\" size-full wp-image-509\" src=\"https:\/\/iesomendavia.educacion.navarra.es\/web1\/webantigua\/wp-content\/uploads\/sites\/4\/2016\/02\/20160127_151059.jpg\" style=\"display: block; margin-left: auto; margin-right: auto;\" width=\"500\" height=\"300\" srcset=\"https:\/\/iesomendavia.educacion.navarra.es\/web1\/webantigua\/wp-content\/uploads\/sites\/4\/2016\/02\/20160127_151059.jpg 2560w, https:\/\/iesomendavia.educacion.navarra.es\/web1\/webantigua\/wp-content\/uploads\/sites\/4\/2016\/02\/20160127_151059-300x180.jpg 300w, https:\/\/iesomendavia.educacion.navarra.es\/web1\/webantigua\/wp-content\/uploads\/sites\/4\/2016\/02\/20160127_151059-768x461.jpg 768w, https:\/\/iesomendavia.educacion.navarra.es\/web1\/webantigua\/wp-content\/uploads\/sites\/4\/2016\/02\/20160127_151059-1024x614.jpg 1024w\" sizes=\"(max-width: 500px) 100vw, 500px\" \/><\/p>\n<p>\u00c2\u00a0<\/p>\n<p><img loading=\"lazy\" class=\" size-full wp-image-510\" src=\"https:\/\/iesomendavia.educacion.navarra.es\/web1\/webantigua\/wp-content\/uploads\/sites\/4\/2016\/02\/20160201_110339.jpg\" style=\"display: block; margin-left: auto; margin-right: auto;\" width=\"500\" height=\"300\" srcset=\"https:\/\/iesomendavia.educacion.navarra.es\/web1\/webantigua\/wp-content\/uploads\/sites\/4\/2016\/02\/20160201_110339.jpg 2560w, https:\/\/iesomendavia.educacion.navarra.es\/web1\/webantigua\/wp-content\/uploads\/sites\/4\/2016\/02\/20160201_110339-300x180.jpg 300w, https:\/\/iesomendavia.educacion.navarra.es\/web1\/webantigua\/wp-content\/uploads\/sites\/4\/2016\/02\/20160201_110339-768x461.jpg 768w, https:\/\/iesomendavia.educacion.navarra.es\/web1\/webantigua\/wp-content\/uploads\/sites\/4\/2016\/02\/20160201_110339-1024x614.jpg 1024w\" sizes=\"(max-width: 500px) 100vw, 500px\" \/><\/p>\n<p>\u00c2\u00a0<\/p>\n<p><img loading=\"lazy\" class=\" size-full wp-image-511\" src=\"https:\/\/iesomendavia.educacion.navarra.es\/web1\/webantigua\/wp-content\/uploads\/sites\/4\/2016\/02\/20160201_110619.jpg\" style=\"display: block; margin-left: auto; margin-right: auto;\" width=\"500\" height=\"300\" srcset=\"https:\/\/iesomendavia.educacion.navarra.es\/web1\/webantigua\/wp-content\/uploads\/sites\/4\/2016\/02\/20160201_110619.jpg 2560w, https:\/\/iesomendavia.educacion.navarra.es\/web1\/webantigua\/wp-content\/uploads\/sites\/4\/2016\/02\/20160201_110619-300x180.jpg 300w, https:\/\/iesomendavia.educacion.navarra.es\/web1\/webantigua\/wp-content\/uploads\/sites\/4\/2016\/02\/20160201_110619-768x461.jpg 768w, https:\/\/iesomendavia.educacion.navarra.es\/web1\/webantigua\/wp-content\/uploads\/sites\/4\/2016\/02\/20160201_110619-1024x614.jpg 1024w\" sizes=\"(max-width: 500px) 100vw, 500px\" \/><\/p>\n","protected":false},"excerpt":{"rendered":"<p>Estas son las c\u00e9lulas de plastilina con todos sus org\u00e1nulos que han realizado los alumnos\/as de 1\u00ba ESO. \u00a1Buen trabajo chicos! \u00c2\u00a0 \u00c2\u00a0 \u00c2\u00a0 \u00c2\u00a0 \u00c2\u00a0 \u00c2\u00a0<\/p>\n","protected":false},"author":2,"featured_media":506,"comment_status":"closed","ping_status":"closed","sticky":false,"template":"","format":"standard","meta":[],"categories":[47],"tags":[],"_links":{"self":[{"href":"https:\/\/iesomendavia.educacion.navarra.es\/web1\/webantigua\/wp-json\/wp\/v2\/posts\/512"}],"collection":[{"href":"https:\/\/iesomendavia.educacion.navarra.es\/web1\/webantigua\/wp-json\/wp\/v2\/posts"}],"about":[{"href":"https:\/\/iesomendavia.educacion.navarra.es\/web1\/webantigua\/wp-json\/wp\/v2\/types\/post"}],"author":[{"embeddable":true,"href":"https:\/\/iesomendavia.educacion.navarra.es\/web1\/webantigua\/wp-json\/wp\/v2\/users\/2"}],"replies":[{"embeddable":true,"href":"https:\/\/iesomendavia.educacion.navarra.es\/web1\/webantigua\/wp-json\/wp\/v2\/comments?post=512"}],"version-history":[{"count":0,"href":"https:\/\/iesomendavia.educacion.navarra.es\/web1\/webantigua\/wp-json\/wp\/v2\/posts\/512\/revisions"}],"wp:featuredmedia":[{"embeddable":true,"href":"https:\/\/iesomendavia.educacion.navarra.es\/web1\/webantigua\/wp-json\/wp\/v2\/media\/506"}],"wp:attachment":[{"href":"https:\/\/iesomendavia.educacion.navarra.es\/web1\/webantigua\/wp-json\/wp\/v2\/media?parent=512"}],"wp:term":[{"taxonomy":"category","embeddable":true,"href":"https:\/\/iesomendavia.educacion.navarra.es\/web1\/webantigua\/wp-json\/wp\/v2\/categories?post=512"},{"taxonomy":"post_tag","embeddable":true,"href":"https:\/\/iesomendavia.educacion.navarra.es\/web1\/webantigua\/wp-json\/wp\/v2\/tags?post=512"}],"curies":[{"name":"wp","href":"https:\/\/api.w.org\/{rel}","templated":true}]}}