{"id":50,"date":"2012-02-02T11:42:37","date_gmt":"2012-02-02T10:42:37","guid":{"rendered":"https:\/\/iesomendavia.educacion.navarra.es\/web1\/webantigua\/2012\/02\/02\/intercambio-transfronterizo-enlace\/"},"modified":"2012-02-02T11:42:37","modified_gmt":"2012-02-02T10:42:37","slug":"intercambio-transfronterizo-enlace","status":"publish","type":"post","link":"https:\/\/iesomendavia.educacion.navarra.es\/web1\/webantigua\/2012\/02\/02\/intercambio-transfronterizo-enlace\/","title":{"rendered":"Intercambio transfronterizo-enlace"},"content":{"rendered":"<p><a href=\"http:\/\/www.navarra.es\/home_es\/Servicios\/ficha\/4317\/Programa-Intercambio-Transfronterizo-para-Alumnado-de-ESO-que-curse-frances-Curso-2011-2012-#documentacion\">http:\/\/www.navarra.es\/home_es\/Servicios\/ficha\/4317\/Programa-Intercambio-Transfronterizo-para-Alumnado-de-ESO-que-curse-frances-Curso-2011-2012-#documentacion<\/a><\/p>\n<p>Nos han comunicado por parte del Departamento de Educaci\u00f3n el pasado viernes 10 de febrero que el intercambio transfronterizo ha sido cancelado por problemas del instituto franc\u00e9s que organizaba la acogida. De cualquier modo est\u00e1bamos en la lista de espera ya que no nos hab\u00edan seleccionado, pero si a partir de octubre del curso pr\u00f3ximo se puede volver a organizar nos avisar\u00e1n.<em> Desol\u00e9e!!<\/em><\/p>\n","protected":false},"excerpt":{"rendered":"<p>http:\/\/www.navarra.es\/home_es\/Servicios\/ficha\/4317\/Programa-Intercambio-Transfronterizo-para-Alumnado-de-ESO-que-curse-frances-Curso-2011-2012-#documentacion Nos han comunicado por parte del Departamento de Educaci\u00f3n el pasado viernes 10 de febrero que el intercambio transfronterizo ha sido cancelado por problemas del instituto franc\u00e9s que organizaba la acogida. De cualquier modo est\u00e1bamos en la lista de &hellip; <a href=\"https:\/\/iesomendavia.educacion.navarra.es\/web1\/webantigua\/2012\/02\/02\/intercambio-transfronterizo-enlace\/\">Sigue leyendo <span class=\"meta-nav\">&rarr;<\/span><\/a><\/p>\n","protected":false},"author":2,"featured_media":0,"comment_status":"closed","ping_status":"closed","sticky":false,"template":"","format":"standard","meta":[],"categories":[27],"tags":[],"_links":{"self":[{"href":"https:\/\/iesomendavia.educacion.navarra.es\/web1\/webantigua\/wp-json\/wp\/v2\/posts\/50"}],"collection":[{"href":"https:\/\/iesomendavia.educacion.navarra.es\/web1\/webantigua\/wp-json\/wp\/v2\/posts"}],"about":[{"href":"https:\/\/iesomendavia.educacion.navarra.es\/web1\/webantigua\/wp-json\/wp\/v2\/types\/post"}],"author":[{"embeddable":true,"href":"https:\/\/iesomendavia.educacion.navarra.es\/web1\/webantigua\/wp-json\/wp\/v2\/users\/2"}],"replies":[{"embeddable":true,"href":"https:\/\/iesomendavia.educacion.navarra.es\/web1\/webantigua\/wp-json\/wp\/v2\/comments?post=50"}],"version-history":[{"count":0,"href":"https:\/\/iesomendavia.educacion.navarra.es\/web1\/webantigua\/wp-json\/wp\/v2\/posts\/50\/revisions"}],"wp:attachment":[{"href":"https:\/\/iesomendavia.educacion.navarra.es\/web1\/webantigua\/wp-json\/wp\/v2\/media?parent=50"}],"wp:term":[{"taxonomy":"category","embeddable":true,"href":"https:\/\/iesomendavia.educacion.navarra.es\/web1\/webantigua\/wp-json\/wp\/v2\/categories?post=50"},{"taxonomy":"post_tag","embeddable":true,"href":"https:\/\/iesomendavia.educacion.navarra.es\/web1\/webantigua\/wp-json\/wp\/v2\/tags?post=50"}],"curies":[{"name":"wp","href":"https:\/\/api.w.org\/{rel}","templated":true}]}}