{"id":370,"date":"2014-01-22T09:31:56","date_gmt":"2014-01-22T08:31:56","guid":{"rendered":"https:\/\/iesomendavia.educacion.navarra.es\/web1\/webantigua\/2014\/01\/22\/orientacion-academica-y-profesional\/"},"modified":"2014-01-22T09:31:56","modified_gmt":"2014-01-22T08:31:56","slug":"orientacion-academica-y-profesional","status":"publish","type":"post","link":"https:\/\/iesomendavia.educacion.navarra.es\/web1\/webantigua\/2014\/01\/22\/orientacion-academica-y-profesional\/","title":{"rendered":"Orientaci\u00f3n acad\u00e9mica y profesional"},"content":{"rendered":"<p><span style=\"text-align: justify; font-size: 10pt;\">El IESO \u201cJoaqu\u00edn Romera\u201d\u00a0 cuenta con un Departamento de Orientaci\u00f3n que os podr\u00e1 ayudar en diversos temas, tales como\u00a0 itinerarios formativos, salidas profesionales, becas, ex\u00e1menes de acceso a ciclos, normativas. Si quer\u00e9is poneros en contacto solo ten\u00e9is que preguntar a vuestras tutoras, ellas os dar\u00e1n una hora y un d\u00eda para que pod\u00e1is acudir.<\/span><\/p>\n<p style=\"text-align: center;\" mce_style=\"text-align: center;\"><span style=\"font-size: 10pt;\"><img loading=\"lazy\" class=\" size-full wp-image-368 size-full wp-image-368\" src=\"https:\/\/iesomendavia.educacion.navarra.es\/web1\/webantigua\/wp-content\/uploads\/sites\/4\/2014\/01\/nereimagen2.jpg\" mce_src=\"https:\/\/iesomendavia.educacion.navarra.es\/web1\/webantigua\/wp-content\/uploads\/sites\/4\/2014\/01\/nereimagen2.jpg\" width=\"437\" height=\"103\" style=\"vertical-align: middle;\" \/><\/span><\/p>\n<p><span style=\"font-size: 10pt;\">\u00a0<\/span><\/p>\n<p><span style=\"font-size: 10pt;\"><strong style=\"background-color: #fef6ee;\" mce_style=\"background-color: #fef6ee;\"><span mce_style=\"font-size: medium;\">DIRECCIONES DE INTER\u00c9S<\/span><\/strong><\/span><\/p>\n<p><span style=\"font-size: 10pt;\"><strong style=\"background-color: #fef6ee;\" mce_style=\"background-color: #fef6ee;\"><span mce_style=\"font-size: medium;\">\u00a0<\/span><\/strong><\/span><\/p>\n<p><span style=\"font-size: 10pt;\">&#8211; (<a href=\"http:\/\/www.unavarra.es\" target=\"_blank\"><strong>Universidad P\u00fablica de Navarra<\/strong><\/a>)<\/span><\/p>\n<p style=\"margin-left: 30px;\"><span style=\"font-size: 10pt;\">Al acceder a esta p\u00e1gina podemos pinchar en <a href=\"http:\/\/www.unavarra.es\/perfil-nuevos-estudiantes\/\" mce_href=\"http:\/\/www.unavarra.es\/perfil-nuevos-estudiantes\/\" target=\"_blank\">\u201cNuevos estudiantes\u201d<\/a>:<\/span><\/p>\n<p style=\"margin-left: 30px;\"><span style=\"font-size: 10pt;\">\u2022<span style=\"white-space: pre;\" mce_style=\"white-space: pre;\"> <\/span>De esta manera, encontraremos diversa informaci\u00f3n sobre los diferentes grados y m\u00e1steres \u00a0que oferta la Universidad, sobre los Par\u00e1metros de Ponderaci\u00f3n, notas de corte, precios, becas y premios\u2026<\/span><\/p>\n<p><span style=\"font-size: 10pt;\">\u00a0<\/span><\/p>\n<p><span style=\"font-size: 10pt;\">&#8211; (<a href=\"http:\/\/www.educacion.navarra.es\" target=\"_blank\"><strong>Departamento de Educaci\u00f3n de Navarra<\/strong><\/a>)<\/span><\/p>\n<p style=\"margin-left: 30px;\"><span style=\"font-size: 10pt;\">o<span style=\"white-space: pre;\" mce_style=\"white-space: pre;\"> <\/span>Si vamos a la zona de \u201cAlumnado\u201d podemos acceder a la secci\u00f3n\u00a0<a href=\"http:\/\/www.educacion.navarra.es\/web\/dpto\/estudios\" mce_href=\"http:\/\/www.educacion.navarra.es\/web\/dpto\/estudios\" target=\"_blank\">\u201cEstudios-Etapas Educativas\u201d<\/a><\/span><\/p>\n<p style=\"margin-left: 30px;\"><span style=\"font-size: 10pt;\">\u2022<span style=\"white-space: pre;\" mce_style=\"white-space: pre;\"> <\/span>Podemos ver la amplia oferta educativa que tenemos en Navarra (informaci\u00f3n concreta de cada uno de los ciclos, informaci\u00f3n espec\u00edfica de Bachillerato\u2026)<\/span><\/p>\n<p><span style=\"font-size: 10pt;\">\u00a0<\/span><\/p>\n<p><span style=\"font-size: 10pt;\">&#8211; (<a href=\"http:\/\/www.educarioja.org\" target=\"_blank\"><strong>Direcci\u00f3n General de Educaci\u00f3n de La Rioja<\/strong><\/a>)<\/span><\/p>\n<p style=\"text-align: justify; margin-left: 30px;\" mce_style=\"text-align: justify;\"><span style=\"font-size: 10pt;\">o<span style=\"white-space: pre;\" mce_style=\"white-space: pre;\"> En esta <\/span>esta p\u00e1gina (optimizada para el navegador Mozilla Firefox) podemos pinchar en \u201cfamilias\u201d y a continuaci\u00f3n en \u00a0\u201coferta educativa\u201d. Desde ah\u00ed se accede en el men\u00fa de la izquierda a la informaci\u00f3n sobre los ciclos que se ofertan en la Rioja y a informaci\u00f3n concreta de cada uno de ellos. Si tu ordenador no te permite acceder al portal, pincha <a href=\"http:\/\/www.educarioja.org\/educarioja\/html\/docs\/oferta_educativa_2013_14.pdf\" mce_href=\"http:\/\/www.educarioja.org\/educarioja\/html\/docs\/oferta_educativa_2013_14.pdf\">aqu\u00ed <\/a>para descargar un documento en PDF con toda la oferta completa.<\/span><\/p>\n<p style=\"text-align: justify;\" mce_style=\"text-align: justify;\"><span style=\"font-size: 10pt;\">\u00a0<\/span><\/p>\n<p><span style=\"font-size: 10pt;\"><span style=\"background-color: #fef6ee;\" mce_style=\"background-color: #fef6ee;\">&#8211;\u00a0<\/span><span style=\"background-color: #fef6ee;\" mce_style=\"background-color: #fef6ee;\"><a href=\"http:\/\/iespablosarasate.educacion.navarra.es\" target=\"_blank\"><strong>Instituto \u201cPablo Sarasate\u201d<\/strong><\/a> de Lodosa<\/span><\/span><\/p>\n<p style=\"margin-left: 30px;\"><span style=\"background-color: #fef6ee; font-size: 10pt;\" mce_style=\"background-color: #fef6ee;\">Aqu\u00ed \u00a0encontrar\u00e1s toda la informaci\u00f3n relacionada con el centro o tambi\u00e9n en el<\/span><span mce_style=\"background-color: #fef6ee;\" style=\"background-color: #fef6ee;\"><\/span><span mce_style=\"white-space: pre;\" style=\"white-space: pre;\"> <\/span><span mce_style=\"background-color: #fef6ee;\" style=\"background-color: #fef6ee;\"><a href=\"http:\/\/orientacionlodosa.wordpress.com\" target=\"_blank\"><strong>Blog de Orientaci\u00f3n<\/strong><\/a> del Instituto.<\/span><\/p>\n<p><span style=\"background-color: #fef6ee; font-size: 10pt;\" mce_style=\"background-color: #fef6ee;\">\u00a0<\/span><\/p>\n<p style=\"margin-left: 30px;\"><span style=\"background-color: #fef6ee; font-size: 10pt;\" mce_style=\"background-color: #fef6ee;\">En este BLOG encontrar\u00e1s informaci\u00f3n y contenidos exclusivos sobre orientaci\u00f3n acad\u00e9mico-profesional. Tambi\u00e9n podr\u00e1s acceder a otras informaciones y enlaces de inter\u00e9s.<\/span><\/p>\n<p style=\"margin-left: 30px;\"><span style=\"background-color: #fef6ee; font-size: 10pt;\" mce_style=\"background-color: #fef6ee;\">\u00a0<\/span><\/p>\n<p><span style=\"background-color: #fef6ee; font-size: 10pt;\" mce_style=\"background-color: #fef6ee;\">&#8211;\u00a0<a href=\"http:\/\/www.iesega.com\/\" mce_href=\"http:\/\/www.iesega.com\/\"><span style=\"white-space: pre;\" mce_style=\"white-space: pre;\"><\/span><\/a><a href=\"http:\/\/www.iesega.com\" target=\"_blank\"><strong>Instituto \u201cEGA\u201d<\/strong><\/a> de San Adri\u00e1n<\/span><\/p>\n<p style=\"margin-left: 30px;\"><span style=\"background-color: #fef6ee; font-size: 10pt;\" mce_style=\"background-color: #fef6ee;\">Aqu\u00ed \u00a0encontrar\u00e1s toda la informaci\u00f3n relacionada con el centro.<\/span><\/p>\n<p><span style=\"background-color: #fef6ee; font-size: 10pt;\" mce_style=\"background-color: #fef6ee;\">\u00a0<\/span><\/p>\n<p><span style=\"background-color: #fef6ee; font-size: 10pt;\" mce_style=\"background-color: #fef6ee;\">&#8211;\u00a0<span style=\"white-space: pre;\" mce_style=\"white-space: pre;\"><\/span><a href=\"http:\/\/politecnicoestella.educacion.navarra.es\" target=\"_blank\"><strong>Instituto Polit\u00e9cnico<\/strong><\/a>, Estella<\/span><\/p>\n<p style=\"margin-left: 30px;\"><span style=\"background-color: #fef6ee; font-size: 10pt;\" mce_style=\"background-color: #fef6ee;\">Aqu\u00ed \u00a0encontrar\u00e1s toda la informaci\u00f3n relacionada con el centro.<\/span><\/p>\n<p><span style=\"background-color: #fef6ee; font-size: 10pt;\" mce_style=\"background-color: #fef6ee;\">\u00a0<\/span><\/p>\n<p><span style=\"background-color: #fef6ee; font-size: 10pt;\" mce_style=\"background-color: #fef6ee;\"><strong>&#8211;\u00a0<a href=\"http:\/\/www.orientaline.es\/?yafxb=78118\" target=\"_blank\">ORIENTA<\/a><\/strong>. Web que te ayudar\u00e1 a decidir que estudios cursar.<\/span><\/p>\n<p><span style=\"background-color: #fef6ee; font-size: 10pt;\" mce_style=\"background-color: #fef6ee;\">\u00a0<\/span><\/p>\n<p style=\"text-align: center;\"><span style=\"background-color: #fef6ee; font-size: 10pt;\" mce_style=\"background-color: #fef6ee;\"><img loading=\"lazy\" class=\" alignleft size-full wp-image-369\" src=\"https:\/\/iesomendavia.educacion.navarra.es\/web1\/webantigua\/wp-content\/uploads\/sites\/4\/2014\/01\/imagen-3.jpg\" mce_src=\"images\/stories\/imagen 3.jpg\" width=\"195\" height=\"195\" style=\"float: left;\" srcset=\"https:\/\/iesomendavia.educacion.navarra.es\/web1\/webantigua\/wp-content\/uploads\/sites\/4\/2014\/01\/imagen-3.jpg 225w, https:\/\/iesomendavia.educacion.navarra.es\/web1\/webantigua\/wp-content\/uploads\/sites\/4\/2014\/01\/imagen-3-150x150.jpg 150w\" sizes=\"(max-width: 195px) 100vw, 195px\" \/><\/span><\/p>\n<p><span style=\"background-color: #fef6ee; font-size: 10pt;\" mce_style=\"background-color: #fef6ee;\"><strong><span mce_style=\"font-size: medium;\">DOCUMENTOS DE INTER\u00c9S<\/span><\/strong><\/span><\/p>\n<p><span style=\"background-color: #fef6ee; font-size: 10pt;\" mce_style=\"background-color: #fef6ee;\">Informaci\u00f3n sobre ESO, Bachiller y EVAU (Pruebas de Acceso a la Universidad) del Gobierno de Navarra.<\/span><\/p>\n<p style=\"margin-left: 180px;\"><span style=\"background-color: #fef6ee; font-size: 10pt;\" mce_style=\"background-color: #fef6ee;\"><br \/>La informaci\u00f3n la podemos encontrar en el portal de Educaci\u00f3n del Gobierno de Navarra, concretamente en las siguientes direcciones:<\/span><\/p>\n<p style=\"margin-left: 210px;\"><span style=\"background-color: #fef6ee; font-size: 10pt;\" mce_style=\"background-color: #fef6ee;\"><strong><strong>&#8211;\u00a0<a href=\"https:\/\/www.educacion.navarra.es\/web\/dpto\/educacion-secundaria-obligatoria\" target=\"_blank\">ESO<\/a><\/strong><\/strong><\/span><\/p>\n<p style=\"margin-left: 210px;\"><span style=\"background-color: #fef6ee; font-size: 10pt;\" mce_style=\"background-color: #fef6ee;\"><strong>&#8211;\u00a0<a href=\"http:\/\/www.unavarra.es\/estudios\/acceso-y-matricula\/grados\/pruebas-de-acceso-a-la-universidad\/selectividad?submenu=yes\" target=\"_blank\">EVAU<\/a><a href=\"http:\/\/www.unavarra.es\/estudios\/acceso-y-matricula\/grados\/pruebas-de-acceso-a-la-universidad\/selectividad?submenu=yes\" target=\"_blank\"><\/a><\/strong><\/span><\/p>\n<p style=\"margin-left: 210px;\"><span style=\"background-color: #fef6ee; font-size: 10pt;\" mce_style=\"background-color: #fef6ee;\"><strong>&#8211; <a href=\"https:\/\/www.educacion.navarra.es\/web\/dpto\/bachillerato\" target=\"_blank\">Bachillerato<\/a><\/strong><span mce_style=\"font-size: x-small;\"><\/span><\/span><\/p>\n<p style=\"margin-left: 210px;\"><span style=\"font-size: 10pt;\"><strong>&#8211; <a href=\"http:\/\/todofp.es\/inicio.html\" target=\"_blank\">FP<\/a><\/strong><\/span><\/p>\n<p style=\"margin-left: 210px;\"><span style=\"font-size: 10pt;\">\u00a0<\/span><span style=\"font-size: 10pt;\">\u00a0<\/span><\/p>\n<p><span style=\"background-color: #fef6ee; font-size: 10pt;\" mce_style=\"background-color: #fef6ee;\">Este material est\u00e1 elaborado de manera que la consulta la puedas realizar a trav\u00e9s de la web, ya que por medio de distintos enlaces puedes disponer de la informaci\u00f3n de una manera inmediata.\u00a0<br \/><\/span><\/p>\n<p><span style=\"background-color: #fef6ee; font-size: 10pt;\" mce_style=\"background-color: #fef6ee;\">\u00a0<\/span><\/p>\n","protected":false},"excerpt":{"rendered":"<p>El IESO \u201cJoaqu\u00edn Romera\u201d\u00a0 cuenta con un Departamento de Orientaci\u00f3n que os podr\u00e1 ayudar en diversos temas, tales como\u00a0 itinerarios formativos, salidas profesionales, becas, ex\u00e1menes de acceso a ciclos, normativas. Si quer\u00e9is poneros en contacto solo ten\u00e9is que preguntar a &hellip; <a href=\"https:\/\/iesomendavia.educacion.navarra.es\/web1\/webantigua\/2014\/01\/22\/orientacion-academica-y-profesional\/\">Sigue leyendo <span class=\"meta-nav\">&rarr;<\/span><\/a><\/p>\n","protected":false},"author":2,"featured_media":368,"comment_status":"closed","ping_status":"closed","sticky":false,"template":"","format":"standard","meta":[],"categories":[34],"tags":[],"_links":{"self":[{"href":"https:\/\/iesomendavia.educacion.navarra.es\/web1\/webantigua\/wp-json\/wp\/v2\/posts\/370"}],"collection":[{"href":"https:\/\/iesomendavia.educacion.navarra.es\/web1\/webantigua\/wp-json\/wp\/v2\/posts"}],"about":[{"href":"https:\/\/iesomendavia.educacion.navarra.es\/web1\/webantigua\/wp-json\/wp\/v2\/types\/post"}],"author":[{"embeddable":true,"href":"https:\/\/iesomendavia.educacion.navarra.es\/web1\/webantigua\/wp-json\/wp\/v2\/users\/2"}],"replies":[{"embeddable":true,"href":"https:\/\/iesomendavia.educacion.navarra.es\/web1\/webantigua\/wp-json\/wp\/v2\/comments?post=370"}],"version-history":[{"count":0,"href":"https:\/\/iesomendavia.educacion.navarra.es\/web1\/webantigua\/wp-json\/wp\/v2\/posts\/370\/revisions"}],"wp:featuredmedia":[{"embeddable":true,"href":"https:\/\/iesomendavia.educacion.navarra.es\/web1\/webantigua\/wp-json\/wp\/v2\/media\/368"}],"wp:attachment":[{"href":"https:\/\/iesomendavia.educacion.navarra.es\/web1\/webantigua\/wp-json\/wp\/v2\/media?parent=370"}],"wp:term":[{"taxonomy":"category","embeddable":true,"href":"https:\/\/iesomendavia.educacion.navarra.es\/web1\/webantigua\/wp-json\/wp\/v2\/categories?post=370"},{"taxonomy":"post_tag","embeddable":true,"href":"https:\/\/iesomendavia.educacion.navarra.es\/web1\/webantigua\/wp-json\/wp\/v2\/tags?post=370"}],"curies":[{"name":"wp","href":"https:\/\/api.w.org\/{rel}","templated":true}]}}