{"id":327,"date":"2013-10-29T19:56:00","date_gmt":"2013-10-29T18:56:00","guid":{"rendered":"https:\/\/iesomendavia.educacion.navarra.es\/web1\/webantigua\/2013\/10\/29\/afammer-otorga-un-premio-al-instituto\/"},"modified":"2013-10-29T19:56:00","modified_gmt":"2013-10-29T18:56:00","slug":"afammer-otorga-un-premio-al-instituto","status":"publish","type":"post","link":"https:\/\/iesomendavia.educacion.navarra.es\/web1\/webantigua\/2013\/10\/29\/afammer-otorga-un-premio-al-instituto\/","title":{"rendered":"AFAMMER otorga un premio al Instituto"},"content":{"rendered":"<p style=\"text-align: center;\"><img loading=\"lazy\" class=\" size-full wp-image-325\" src=\"https:\/\/iesomendavia.educacion.navarra.es\/web1\/webantigua\/wp-content\/uploads\/sites\/4\/2013\/10\/premiosmujerrural1_jpg_2013.jpg\" width=\"521\" height=\"345\" alt=\"premiosmujerrural1 jpg 2013\" \/>\u00a0<img loading=\"lazy\" class=\" size-full wp-image-326\" src=\"https:\/\/iesomendavia.educacion.navarra.es\/web1\/webantigua\/wp-content\/uploads\/sites\/4\/2013\/10\/premiosafammer1.jpg\" width=\"519\" height=\"345\" alt=\"premiosafammer1\" srcset=\"https:\/\/iesomendavia.educacion.navarra.es\/web1\/webantigua\/wp-content\/uploads\/sites\/4\/2013\/10\/premiosafammer1.jpg 3456w, https:\/\/iesomendavia.educacion.navarra.es\/web1\/webantigua\/wp-content\/uploads\/sites\/4\/2013\/10\/premiosafammer1-300x200.jpg 300w, https:\/\/iesomendavia.educacion.navarra.es\/web1\/webantigua\/wp-content\/uploads\/sites\/4\/2013\/10\/premiosafammer1-768x512.jpg 768w, https:\/\/iesomendavia.educacion.navarra.es\/web1\/webantigua\/wp-content\/uploads\/sites\/4\/2013\/10\/premiosafammer1-1024x683.jpg 1024w\" sizes=\"(max-width: 519px) 100vw, 519px\" \/><\/p>\n<p>\u00a0<\/p>\n<p>  <!--more-->  <\/p>\n<p><span style=\"font-size: 11pt; font-family: 'Comic Sans MS';\">\u00a0 \u00a0 \u00a0 \u00a0 El pasado 25 de octubre se celebr\u00f3 en Estella la Jornada titulada \u201cFomentar e impulsar la creaci\u00f3n de empresas innovadoras por mujeres rurales\u201d, organizada por la Asociaci\u00f3n AFAMMER.<\/span><\/p>\n<p><span style=\"font-size: 11pt; font-family: 'Comic Sans MS';\">\u00a0<\/span><\/p>\n<p>\u00a0<\/p>\n<p><span style=\"font-size: 11pt; font-family: 'Comic Sans MS';\">\u00a0 \u00a0 \u00a0 \u00a0 La presentaci\u00f3n corri\u00f3 a cargo de do\u00f1a Rosal\u00eda Echeverr\u00eda, Presidenta de AFAMMER-Navarra, quien junto con do\u00f1a Rosa Alcubilla, Presidenta de AFAMMER-Castilla y Le\u00f3n, dieron a la audiencia una calurosa bienvenida y moderaron y guiaron el desarrollo de todo el acto con intervenciones breves y sint\u00e9ticas que constituyeron un hilo conductor muy apreciado por el p\u00fablico.<\/span><\/p>\n<p><span style=\"font-size: 11pt; font-family: 'Comic Sans MS';\">\u00a0<\/span><\/p>\n<p><span style=\"font-size: 11pt; font-family: 'Comic Sans MS';\">\u00a0 \u00a0 \u00a0 \u00a0 La informaci\u00f3n que las ponencias aportaron fue muy variada y \u00fatil para conseguir los objetivos de la sesi\u00f3n, entre los cuales estaban informar sobre la promoci\u00f3n y desarrollo de estrategias de empleo en el medio rural (potenciando la creaci\u00f3n de empleo entre los colectivos de mujeres rurales), informar sobre el Plan de Emprendimiento y Ayudas Gestionadas por el Gobierno de Navarra, informar sobre experiencias de autoempleo en el medio rural y reforzar el protagonismo de las mujeres rurales emprendedoras, como es el caso de Ana Sola, quien pas\u00f3 de ganarse la vida como frutera en Sartaguda a ser empresaria dentro de una multinacional americana de alta cosm\u00e9tica, y cuya charla fue especialmente motivadora para el p\u00fablico.<\/span><\/p>\n<p><span style=\"font-size: 11pt; font-family: 'Comic Sans MS';\">\u00a0<\/span><\/p>\n<p><span style=\"font-size: 11pt; font-family: 'Comic Sans MS';\">\u00a0 \u00a0 \u00a0 \u00a0 El encuentro se cerr\u00f3 con la entrega de premios, para lo cual cont\u00f3 con la presencia de diversas autoridades, como la de la directora del Servicio de Promoci\u00f3n de Empleo e Igualdad de oportunidades, do\u00f1a Marta \u00c1lvarez Alonso, la Directora Gerente del Instituto Navarro para la Familia e Igualdad, do\u00f1a Teresa Nagore Ferrer, la Delegada del Gobierno en Navarra, do\u00f1a Carmen Alba Orduna, o la Alcaldesa de Estella, do\u00f1a Bego\u00f1a Ganuza Bernaola. En total hubo tres galardones, uno para una entidad p\u00fablica, otro para una entidad privada y el tercero para una persona individual; todos ellos pretenden reconocer el trabajo en pro de la igualdad de oportunidades llevado a cabo en las zonas rurales, conmemorando el D\u00eda Internacional de las Mujeres Rurales (15 de octubre). Fueron premiados, en este orden, el Instituto Joaqu\u00edn Romera de Mendavia, la Asociaci\u00f3n de Casas Rurales de Tierra Estella y la presentadora Maril\u00f3 Montero.<\/span><\/p>\n<p><span style=\"font-size: 11pt; font-family: 'Comic Sans MS';\">\u00a0 \u00a0 \u00a0 \u00a0 <\/span><\/p>\n<p><span style=\"font-size: 11pt; font-family: 'Comic Sans MS';\">\u00a0 \u00a0 \u00a0 \u00a0 El IESO Joaqu\u00edn Romera cont\u00f3 con la representaci\u00f3n de su directora, Gema Ezpeleta, quien recogi\u00f3 el galard\u00f3n, acompa\u00f1ada por la jefa de estudios, Celia Bartolom\u00e9, la representante de la Comisi\u00f3n de Convivencia e Igualdad, M\u00aa Antonia Sanz de Andr\u00e9s, la presidenta de la APYMA Blanca de Navarra, Ana Julia Caspe, y la presidenta de la Junta de Delegados y Delegadas del curso 2012-2013, Alexandra Mu\u00f1oz. Entre los muchos agradecimientos, se hizo menci\u00f3n especial a la t\u00e9cnica de igualdad Maite L\u00f3pez, sin cuyo apoyo permanente no hubiera sido posible darle a este trabajo la misma profundidad y alcance social.<\/span><\/p>\n<p><span style=\"font-size: 11pt; font-family: 'Comic Sans MS';\">\u00a0<\/span><\/p>\n","protected":false},"excerpt":{"rendered":"<p>\u00a0 \u00a0<\/p>\n","protected":false},"author":2,"featured_media":325,"comment_status":"closed","ping_status":"closed","sticky":false,"template":"","format":"standard","meta":[],"categories":[42],"tags":[],"_links":{"self":[{"href":"https:\/\/iesomendavia.educacion.navarra.es\/web1\/webantigua\/wp-json\/wp\/v2\/posts\/327"}],"collection":[{"href":"https:\/\/iesomendavia.educacion.navarra.es\/web1\/webantigua\/wp-json\/wp\/v2\/posts"}],"about":[{"href":"https:\/\/iesomendavia.educacion.navarra.es\/web1\/webantigua\/wp-json\/wp\/v2\/types\/post"}],"author":[{"embeddable":true,"href":"https:\/\/iesomendavia.educacion.navarra.es\/web1\/webantigua\/wp-json\/wp\/v2\/users\/2"}],"replies":[{"embeddable":true,"href":"https:\/\/iesomendavia.educacion.navarra.es\/web1\/webantigua\/wp-json\/wp\/v2\/comments?post=327"}],"version-history":[{"count":0,"href":"https:\/\/iesomendavia.educacion.navarra.es\/web1\/webantigua\/wp-json\/wp\/v2\/posts\/327\/revisions"}],"wp:featuredmedia":[{"embeddable":true,"href":"https:\/\/iesomendavia.educacion.navarra.es\/web1\/webantigua\/wp-json\/wp\/v2\/media\/325"}],"wp:attachment":[{"href":"https:\/\/iesomendavia.educacion.navarra.es\/web1\/webantigua\/wp-json\/wp\/v2\/media?parent=327"}],"wp:term":[{"taxonomy":"category","embeddable":true,"href":"https:\/\/iesomendavia.educacion.navarra.es\/web1\/webantigua\/wp-json\/wp\/v2\/categories?post=327"},{"taxonomy":"post_tag","embeddable":true,"href":"https:\/\/iesomendavia.educacion.navarra.es\/web1\/webantigua\/wp-json\/wp\/v2\/tags?post=327"}],"curies":[{"name":"wp","href":"https:\/\/api.w.org\/{rel}","templated":true}]}}