{"id":274,"date":"2013-03-27T18:51:52","date_gmt":"2013-03-27T17:51:52","guid":{"rendered":"https:\/\/iesomendavia.educacion.navarra.es\/web1\/webantigua\/2013\/03\/27\/seleccion-del-concurso-de-pintura\/"},"modified":"2013-03-27T18:51:52","modified_gmt":"2013-03-27T17:51:52","slug":"seleccion-del-concurso-de-pintura","status":"publish","type":"post","link":"https:\/\/iesomendavia.educacion.navarra.es\/web1\/webantigua\/2013\/03\/27\/seleccion-del-concurso-de-pintura\/","title":{"rendered":"Selecci\u00f3n del concurso de pintura"},"content":{"rendered":"<p>Aqu\u00ed pod\u00e9is ver los trabajos seleccionados para el concurso de pintura \u00ab\u00bfConoces Mendavia?\u00bb as\u00ed como los cuadros ganadores de Marcos Os\u00e9s y Daniel Murillo que ser\u00e1n entregados al Ayuntamiento e Instituto de La Br\u00e8de (Francia) en agradecimiento por su acogida al alumnado de franc\u00e9s de nuestro centro.<\/p>\n<p style=\"text-align: center;\"><span name=\"src\">&nbsp;<\/span> <span name=\"flashvars\">&nbsp;<\/span><\/p>\n<p> <object codebase=\"http:\/\/download.macromedia.com\/pub\/shockwave\/cabs\/flash\/swflash.cab#version=10,0,32,18\" classid=\"clsid:d27cdb6e-ae6d-11cf-96b8-444553540000\" type=\"application\/x-shockwave-flash\" height=\"367\" width=\"560\" style=\"display: block; margin-left: auto; margin-right: auto;\"><param name=\"src\" value=\"https:\/\/picasaweb.google.com\/s\/c\/bin\/slideshow.swf\" \/><param name=\"flashvars\" value=\"host=picasaweb.google.com&amp;hl=es&amp;feat=flashalbum&amp;RGB=0x000000&amp;feed=https:\/\/picasaweb.google.com\/data\/feed\/api\/user\/114572078300578411505\/albumid\/5860096166457101105?alt=rss&amp;kind=photo&amp;authkey=Gv1sRgCJyp_r_w66WA1wE&amp;hl=es\" \/><embed height=\"367\" width=\"560\" flashvars=\"host=picasaweb.google.com&amp;hl=es&amp;feat=flashalbum&amp;RGB=0x000000&amp;feed=https:\/\/picasaweb.google.com\/data\/feed\/api\/user\/114572078300578411505\/albumid\/5860096166457101105?alt=rss&amp;kind=photo&amp;authkey=Gv1sRgCJyp_r_w66WA1wE&amp;hl=es\" src=\"https:\/\/picasaweb.google.com\/s\/c\/bin\/slideshow.swf\" type=\"application\/x-shockwave-flash\"><\/embed><\/object> <\/p>\n","protected":false},"excerpt":{"rendered":"<p>Aqu\u00ed pod\u00e9is ver los trabajos seleccionados para el concurso de pintura \u00ab\u00bfConoces Mendavia?\u00bb as\u00ed como los cuadros ganadores de Marcos Os\u00e9s y Daniel Murillo que ser\u00e1n entregados al Ayuntamiento e Instituto de La Br\u00e8de (Francia) en agradecimiento por su acogida &hellip; <a href=\"https:\/\/iesomendavia.educacion.navarra.es\/web1\/webantigua\/2013\/03\/27\/seleccion-del-concurso-de-pintura\/\">Sigue leyendo <span class=\"meta-nav\">&rarr;<\/span><\/a><\/p>\n","protected":false},"author":2,"featured_media":0,"comment_status":"closed","ping_status":"closed","sticky":false,"template":"","format":"standard","meta":[],"categories":[42],"tags":[],"_links":{"self":[{"href":"https:\/\/iesomendavia.educacion.navarra.es\/web1\/webantigua\/wp-json\/wp\/v2\/posts\/274"}],"collection":[{"href":"https:\/\/iesomendavia.educacion.navarra.es\/web1\/webantigua\/wp-json\/wp\/v2\/posts"}],"about":[{"href":"https:\/\/iesomendavia.educacion.navarra.es\/web1\/webantigua\/wp-json\/wp\/v2\/types\/post"}],"author":[{"embeddable":true,"href":"https:\/\/iesomendavia.educacion.navarra.es\/web1\/webantigua\/wp-json\/wp\/v2\/users\/2"}],"replies":[{"embeddable":true,"href":"https:\/\/iesomendavia.educacion.navarra.es\/web1\/webantigua\/wp-json\/wp\/v2\/comments?post=274"}],"version-history":[{"count":0,"href":"https:\/\/iesomendavia.educacion.navarra.es\/web1\/webantigua\/wp-json\/wp\/v2\/posts\/274\/revisions"}],"wp:attachment":[{"href":"https:\/\/iesomendavia.educacion.navarra.es\/web1\/webantigua\/wp-json\/wp\/v2\/media?parent=274"}],"wp:term":[{"taxonomy":"category","embeddable":true,"href":"https:\/\/iesomendavia.educacion.navarra.es\/web1\/webantigua\/wp-json\/wp\/v2\/categories?post=274"},{"taxonomy":"post_tag","embeddable":true,"href":"https:\/\/iesomendavia.educacion.navarra.es\/web1\/webantigua\/wp-json\/wp\/v2\/tags?post=274"}],"curies":[{"name":"wp","href":"https:\/\/api.w.org\/{rel}","templated":true}]}}