{"id":256,"date":"2013-02-20T11:13:48","date_gmt":"2013-02-20T10:13:48","guid":{"rendered":"https:\/\/iesomendavia.educacion.navarra.es\/web1\/webantigua\/2013\/02\/20\/viaje-a-francia-2\/"},"modified":"2013-02-20T11:13:48","modified_gmt":"2013-02-20T10:13:48","slug":"viaje-a-francia-2","status":"publish","type":"post","link":"https:\/\/iesomendavia.educacion.navarra.es\/web1\/webantigua\/2013\/02\/20\/viaje-a-francia-2\/","title":{"rendered":"Viaje a Francia"},"content":{"rendered":"<div>\n<p><span style=\"font-family: 'comic sans ms', sans-serif; font-size: 14pt;\"><b>VIAJE A FRANCIA<\/b><\/span><\/p>\n<p><span style=\"line-height: 1.3em; font-family: 'comic sans ms', sans-serif; font-size: 14pt;\">\u00a0 \u00a0 \u00a0 \u00a0 \u00a0 \u00a0 \u00a0 \u00a0 \u00a0 \u00a0 \u00a0 \u00a0 \u00a0 \u00a0 \u00a0 \u00a0 \u00a0 \u00a0 \u00a0 \u00a0 \u00a0 \u00a0 \u00a0 \u00a0 \u00a0 \u00a0 \u00a0 \u00a0 \u00a0 \u00a0 \u00a0 \u00a0 \u00a0 \u00a0 \u00a0 <span style=\"color: #ff0000; font-family: 'andale mono', times;\">Ch\u00e2teau de Montesquieu<\/span><\/span><span style=\"color: #ff0000;\"><img loading=\"lazy\" class=\" alignright size-full wp-image-254\" style=\"line-height: 1.3em; float: right;\" alt=\"chateau\" src=\"https:\/\/iesomendavia.educacion.navarra.es\/web1\/webantigua\/wp-content\/uploads\/sites\/4\/2013\/02\/chateau.jpg\" width=\"300\" height=\"200\" srcset=\"https:\/\/iesomendavia.educacion.navarra.es\/web1\/webantigua\/wp-content\/uploads\/sites\/4\/2013\/02\/chateau.jpg 500w, https:\/\/iesomendavia.educacion.navarra.es\/web1\/webantigua\/wp-content\/uploads\/sites\/4\/2013\/02\/chateau-300x199.jpg 300w\" sizes=\"(max-width: 300px) 100vw, 300px\" \/><\/span><img loading=\"lazy\" class=\" size-full wp-image-255\" style=\"font-family: 'comic sans ms', sans-serif; font-size: 14pt; line-height: 1.3em;\" alt=\"bordeaux\" src=\"https:\/\/iesomendavia.educacion.navarra.es\/web1\/webantigua\/wp-content\/uploads\/sites\/4\/2013\/02\/bordeaux.jpg\" width=\"381\" height=\"160\" srcset=\"https:\/\/iesomendavia.educacion.navarra.es\/web1\/webantigua\/wp-content\/uploads\/sites\/4\/2013\/02\/bordeaux.jpg 981w, https:\/\/iesomendavia.educacion.navarra.es\/web1\/webantigua\/wp-content\/uploads\/sites\/4\/2013\/02\/bordeaux-300x126.jpg 300w, https:\/\/iesomendavia.educacion.navarra.es\/web1\/webantigua\/wp-content\/uploads\/sites\/4\/2013\/02\/bordeaux-768x323.jpg 768w\" sizes=\"(max-width: 381px) 100vw, 381px\" \/><span style=\"font-family: 'andale mono', times; font-size: 14pt; line-height: 1.3em; color: #ff0000;\">Bordeaux<\/span><\/p>\n<\/p><\/div>\n<ul>\n<li><span style=\"font-family: 'comic sans ms', sans-serif; font-size: 14pt;\"><strong>Fechas<\/strong>: 8, 9,10 abril 2013.<\/span><\/li>\n<\/ul>\n<ul>\n<li><strong><span style=\"font-family: 'comic sans ms', sans-serif; font-size: 14pt;\">Documentaci\u00f3n necesaria en el viaje:<\/span><\/strong><\/li>\n<\/ul>\n<p><span style=\"font-family: 'comic sans ms', sans-serif; font-size: 14pt;\">&#8211; DNI<\/span><\/p>\n<p><span style=\"font-family: 'comic sans ms', sans-serif; font-size: 14pt;\">&#8211; Autorizaci\u00f3n de la guardia civil.<\/span><\/p>\n<p><span style=\"font-family: 'comic sans ms', sans-serif; font-size: 14pt;\">&#8211; Tarjeta sanitaria europea.<\/span><\/p>\n<ul>\n<li><strong><span style=\"font-family: 'comic sans ms', sans-serif; font-size: 14pt;\">Coste del viaje:<\/span><\/strong><\/li>\n<\/ul>\n<p><span style=\"font-family: 'comic sans ms', sans-serif; font-size: 14pt;\">&#8211; precio del autob\u00fas:\u00a0 42 \u20ac.<\/span><\/p>\n<p><span style=\"font-family: 'comic sans ms', sans-serif; font-size: 14pt;\">&#8211; entrada al castillo de Montesquieu: 3 \u20ac<\/span><\/p>\n<p><span style=\"font-family: 'comic sans ms', sans-serif; font-size: 14pt;\">&#8211; 1 comida en el restaurante escolar: 3,50 \u20ac<\/span><\/p>\n<p><span style=\"font-family: 'comic sans ms', sans-serif; font-size: 14pt;\">&#8211; Guardar entre 10 y 15 \u20ac para la comida del viaje de vuelta.<\/span><\/p>\n<p><span style=\"background-color: #ffff00;\"><span style=\"font-family: 'comic sans ms', sans-serif; font-size: small;\" size=\"3\" face=\"comic sans ms, sans-serif\"><strong>M\u00f3vil de contacto con las profesoras:<\/strong> +34 662 575 526<\/span><\/span><\/p>\n<p><span style=\"font-family: 'comic sans ms', sans-serif; font-size: 14pt;\"><strong>Dinero para llevar:<\/strong> lo que cada familia considere necesario teniendo en cuenta que est\u00e1 casi todo pagado.<\/span><\/p>\n<p>\u00a0<\/p>\n<p><strong><span style=\"font-family: 'comic sans ms', sans-serif; font-size: 14pt;\">RECOMENDACIONES<\/span><\/strong><\/p>\n<ul>\n<li><span style=\"font-family: 'comic sans ms', sans-serif; font-size: 14pt;\">-Desde las familias se debe advertir a los alumnos que el comportamiento debe ser correcto, en las familias de acogida y durante todo el viaje.<\/span><\/li>\n<li><span style=\"font-family: 'comic sans ms', sans-serif; font-size: 14pt;\">-Del mismo modo estaremos alerta durante la estancia para que no haya ning\u00fan problema para los alumnos. <\/span><\/li>\n<li><span style=\"font-family: 'comic sans ms', sans-serif; font-size: 14pt;\">-Se recomienda llevar alguna ropa para lluvia y el resto que sea c\u00f3moda, no demasiada, son tres d\u00edas. <\/span><\/li>\n<li><span style=\"font-family: 'comic sans ms', sans-serif; font-size: 14pt;\">-Se recomienda tambi\u00e9n llevar alg\u00fan regalo a la familia de acogida.<\/span><\/li>\n<\/ul>\n<p>\u00a0<\/p>\n<p style=\"text-align: left;\"><span style=\"font-family: 'comic sans ms', sans-serif; font-size: 14pt; color: #339966;\"><b><span style=\"text-decoration: underline;\">PROGRAMA<\/span><\/b><\/span><\/p>\n<p style=\"text-align: left;\"><span style=\"font-family: 'comic sans ms', sans-serif; font-size: 12pt; color: #800080;\"><b><span style=\"text-decoration: underline;\">Lunes 8 de abril<\/span><\/b><\/span><\/p>\n<p style=\"text-align: left;\"><span style=\"font-family: 'comic sans ms', sans-serif; font-size: 12pt; color: #3366ff;\"><b>&#8211; Salida de Mendavia : <span style=\"color: #ff0000;\">7:15 h<\/span>.Parada del autobus (el monumento)\u00a0(Llevar almuerzo).<\/b><\/span><\/p>\n<p style=\"text-align: left;\"><span style=\"font-family: 'comic sans ms', sans-serif; font-size: 12pt; color: #3366ff;\"><b>&#8211; Llegada a La Br\u00e8de a las 14 horas, comida ofrecida por el ayuntamiento en el comedor escolar (cr\u00eapes para postre \u00a1!!).<\/b><\/span><\/p>\n<p style=\"text-align: left;\"><span style=\"font-family: 'comic sans ms', sans-serif; font-size: 12pt; color: #3366ff;\"><b>\u00a0<\/b><\/span><\/p>\n<p style=\"text-align: left;\"><span style=\"font-family: 'comic sans ms', sans-serif; font-size: 12pt; color: #3366ff;\"><b>&#8211; Visita del castillo de Montesquieu y visita guiada\u00a0 por la ciudad.<\/b><\/span><\/p>\n<p style=\"text-align: left;\"><span style=\"font-family: 'comic sans ms', sans-serif; font-size: 12pt; color: #3366ff;\"><b>&#8211; Instalaci\u00f3n en las familias, cena y se aconseja conversaci\u00f3n \u00a1!<\/b><\/span><\/p>\n<p style=\"text-align: left;\"><span style=\"font-family: 'comic sans ms', sans-serif; font-size: 12pt; color: #3366ff;\"><b>\u00a0<\/b><\/span><\/p>\n<p style=\"text-align: left;\"><span style=\"font-family: 'comic sans ms', sans-serif; font-size: 12pt; color: #800080;\"><b><span style=\"text-decoration: underline;\">Martes 9 abril<\/span><\/b><\/span><\/p>\n<p style=\"text-align: left;\"><span style=\"font-family: 'comic sans ms', sans-serif; font-size: 12pt; color: #3366ff;\"><b>&#8211; Desayuno en casa y clases en el instituto hasta la hora de la comida en la \u201ccantine\u201d del centro, all\u00ed ser\u00e1 pronto \u00a1!.<\/b><\/span><\/p>\n<p style=\"text-align: left;\"><span style=\"font-family: 'comic sans ms', sans-serif; font-size: 12pt; color: #3366ff;\"><b>&#8211; Salida hacia Bordeaux: visita de la ciudad y tiempo libre.<\/b><\/span><\/p>\n<p style=\"text-align: left;\"><span style=\"font-family: 'comic sans ms', sans-serif; font-size: 12pt; color: #3366ff;\"><b>&#8211; Vuelta a casa, cena y conversaci\u00f3n \u00a1!.<\/b><\/span><\/p>\n<p style=\"text-align: left;\"><span style=\"font-family: 'comic sans ms', sans-serif; font-size: 12pt; color: #3366ff;\"><b>\u00a0<\/b><\/span><\/p>\n<p style=\"text-align: left;\"><span style=\"font-family: 'comic sans ms', sans-serif; font-size: 12pt; color: #800080;\"><b><span style=\"text-decoration: underline;\">Mi\u00e9rcoles 10 abril<\/span><\/b><\/span><\/p>\n<p style=\"text-align: left;\"><span style=\"font-family: 'comic sans ms', sans-serif; font-size: 12pt; color: #3366ff;\"><b>&#8211; Desayuno y salida hacia la Dune du Pyla \u2013 Arcachon.<\/b><\/span><\/p>\n<p style=\"text-align: left;\"><span style=\"font-family: 'comic sans ms', sans-serif; font-size: 12pt; color: #3366ff;\"><b>&#8211; Seg\u00fan el tiempo que haga se visitar\u00e1 la duna m\u00e1s o menos tiempo y alg\u00fan pueblo de la zona.<\/b><\/span><\/p>\n<p style=\"text-align: left;\"><span style=\"font-family: 'comic sans ms', sans-serif; font-size: 12pt; color: #3366ff;\"><b>&#8211; Comida cerca de la zona en un \u201clunch o burguer\u201d.<\/b><\/span><\/p>\n<p style=\"text-align: left;\"><b><span style=\"font-family: 'comic sans ms', sans-serif; font-size: 12pt; color: #3366ff;\">&#8211; Vuelta hacia Mendavia con posibilidad de parar en San Juan de Luz seg\u00fan horarios.<\/span><span style=\"text-decoration: underline;\">\u00a0<\/span><\/b><\/p>\n","protected":false},"excerpt":{"rendered":"<p>VIAJE A FRANCIA \u00a0 \u00a0 \u00a0 \u00a0 \u00a0 \u00a0 \u00a0 \u00a0 \u00a0 \u00a0 \u00a0 \u00a0 \u00a0 \u00a0 \u00a0 \u00a0 \u00a0 \u00a0 \u00a0 \u00a0 \u00a0 \u00a0 \u00a0 \u00a0 \u00a0 \u00a0 \u00a0 \u00a0 \u00a0 \u00a0 \u00a0 \u00a0 \u00a0 \u00a0 \u00a0 Ch\u00e2teau de &hellip; <a href=\"https:\/\/iesomendavia.educacion.navarra.es\/web1\/webantigua\/2013\/02\/20\/viaje-a-francia-2\/\">Sigue leyendo <span class=\"meta-nav\">&rarr;<\/span><\/a><\/p>\n","protected":false},"author":2,"featured_media":254,"comment_status":"closed","ping_status":"closed","sticky":false,"template":"","format":"standard","meta":[],"categories":[27],"tags":[],"_links":{"self":[{"href":"https:\/\/iesomendavia.educacion.navarra.es\/web1\/webantigua\/wp-json\/wp\/v2\/posts\/256"}],"collection":[{"href":"https:\/\/iesomendavia.educacion.navarra.es\/web1\/webantigua\/wp-json\/wp\/v2\/posts"}],"about":[{"href":"https:\/\/iesomendavia.educacion.navarra.es\/web1\/webantigua\/wp-json\/wp\/v2\/types\/post"}],"author":[{"embeddable":true,"href":"https:\/\/iesomendavia.educacion.navarra.es\/web1\/webantigua\/wp-json\/wp\/v2\/users\/2"}],"replies":[{"embeddable":true,"href":"https:\/\/iesomendavia.educacion.navarra.es\/web1\/webantigua\/wp-json\/wp\/v2\/comments?post=256"}],"version-history":[{"count":0,"href":"https:\/\/iesomendavia.educacion.navarra.es\/web1\/webantigua\/wp-json\/wp\/v2\/posts\/256\/revisions"}],"wp:featuredmedia":[{"embeddable":true,"href":"https:\/\/iesomendavia.educacion.navarra.es\/web1\/webantigua\/wp-json\/wp\/v2\/media\/254"}],"wp:attachment":[{"href":"https:\/\/iesomendavia.educacion.navarra.es\/web1\/webantigua\/wp-json\/wp\/v2\/media?parent=256"}],"wp:term":[{"taxonomy":"category","embeddable":true,"href":"https:\/\/iesomendavia.educacion.navarra.es\/web1\/webantigua\/wp-json\/wp\/v2\/categories?post=256"},{"taxonomy":"post_tag","embeddable":true,"href":"https:\/\/iesomendavia.educacion.navarra.es\/web1\/webantigua\/wp-json\/wp\/v2\/tags?post=256"}],"curies":[{"name":"wp","href":"https:\/\/api.w.org\/{rel}","templated":true}]}}