{"id":253,"date":"2013-02-14T12:58:59","date_gmt":"2013-02-14T11:58:59","guid":{"rendered":"https:\/\/iesomendavia.educacion.navarra.es\/web1\/webantigua\/2013\/02\/14\/ya-puedes-participar-en-el-concurso-de-dibujopintura\/"},"modified":"2013-02-14T12:58:59","modified_gmt":"2013-02-14T11:58:59","slug":"ya-puedes-participar-en-el-concurso-de-dibujopintura","status":"publish","type":"post","link":"https:\/\/iesomendavia.educacion.navarra.es\/web1\/webantigua\/2013\/02\/14\/ya-puedes-participar-en-el-concurso-de-dibujopintura\/","title":{"rendered":"\u00a1Ya puedes participar en el concurso de pintura!"},"content":{"rendered":"<p><img loading=\"lazy\" style=\"float: right;\" height=\"100\" width=\"200\" src=\"http:\/\/t3.gstatic.com\/images?q=tbn:ANd9GcTdyksVuWN4qLAPibwwC6OsdqMpJR2mpY09AI1Qt0eGJLhkRp4A\" \/><\/p>\n<p align=\"center\"><span style=\"text-decoration: underline; font-family: 'comic sans ms', sans-serif; font-size: 14pt; color: #000000; background-color: #00ccff;\">CONCURSO: \u201c\u00bfConoces Mendavia?\u201d<\/span><\/p>\n<p align=\"center\">\u00a0<\/p>\n<p align=\"center\"><span style=\"color: #000000; font-family: 'comic sans ms', sans-serif; background-color: #ff9900;\">BASES:<\/span><\/p>\n<p align=\"center\" style=\"text-align: left;\">\u00a0<\/p>\n<p>  <!--more-->  <\/p>\n<p>\u00a0<\/p>\n<p><span style=\"color: #ff0000; font-family: 'book antiqua', palatino; font-size: 16px; background-color: #ccffcc;\">Podr\u00e1n participar todos los alumnos y alumnas del centro.<\/span><\/p>\n<p><span style=\"background-color: #cc99ff;\"><span style=\"color: #ffff00; font-family: 'book antiqua', palatino; font-size: 12pt; line-height: 1.3em;\">Los participantes deber\u00e1n presentar un trabajo gr\u00e1fico cuya finalidad ser\u00e1 <\/span><b style=\"color: #ffff00; font-family: 'book antiqua', palatino; font-size: 12pt; line-height: 1.3em;\">dar a conocer los lugares m\u00e1s emblem\u00e1ticos de Mendavia<\/b><span style=\"color: #ffff00; font-family: 'book antiqua', palatino; font-size: 12pt; line-height: 1.3em;\"> al pueblo de La Br\u00e8de (Francia), el cual se visitar\u00e1 en el mes de abril por parte del alumnado de franc\u00e9s de nuestro centro.<\/span><\/span><\/p>\n<ol> <\/ol>\n<p><span style=\"background-color: #ccffff; color: #ff00ff; font-family: 'book antiqua', palatino; font-size: 12pt; line-height: 1.3em;\">Los trabajos premiados ser\u00e1n cedidos por sus autores\/as para entregarse al Ayuntamiento y al Instituto de La Br\u00e8de en agradecimiento por su acogida.<\/span><\/p>\n<ol> <\/ol>\n<p><span style=\"background-color: #ffff99; color: #800080; font-family: 'book antiqua', palatino; font-size: 12pt; line-height: 1.3em;\">Plazo: hasta el d\u00eda 20 de marzo de 2013 a las 15:00 horas.<\/span><\/p>\n<ol> <\/ol>\n<p><span style=\"background-color: #00ff00; color: #0000ff; font-family: 'book antiqua', palatino; font-size: 12pt; line-height: 1.3em;\">Lugar: se entregar\u00e1n en la secretar\u00eda del centro.<\/span><\/p>\n<ol> <\/ol>\n<p><span style=\"background-color: #ff99cc; color: #800000; font-family: 'book antiqua', palatino; font-size: 12pt; line-height: 1.3em;\">Formato: ser\u00e1 libre (carboncillo, \u00f3leo, acuarela, etc.)<\/span><\/p>\n<ol> <\/ol>\n<p><span style=\"background-color: #99cc00; color: #000000; font-family: 'book antiqua', palatino; font-size: 12pt; line-height: 1.3em;\">Premios: habr\u00e1 dos premios de 25 \u20ac en material escolar o deportivo para los trabajos ganadores, as\u00ed como un diploma y la publicaci\u00f3n en diversos medios (p\u00e1gina web, revista Las Almenas, etc.).<\/span><\/p>\n<ol> <\/ol>\n<p><span style=\"background-color: #cc99ff; color: #333399; font-family: 'book antiqua', palatino; font-size: 12pt; line-height: 1.3em;\">Jurado: Estar\u00e1 integrado por la Directora del centro, la profesora de Educaci\u00f3n Pl\u00e1stica y otros tres profesores\/as m\u00e1s del centro.<\/span><\/p>\n<ol> <\/ol>\n","protected":false},"excerpt":{"rendered":"<p>CONCURSO: \u201c\u00bfConoces Mendavia?\u201d \u00a0 BASES: \u00a0<\/p>\n","protected":false},"author":2,"featured_media":0,"comment_status":"closed","ping_status":"closed","sticky":false,"template":"","format":"standard","meta":[],"categories":[42],"tags":[],"_links":{"self":[{"href":"https:\/\/iesomendavia.educacion.navarra.es\/web1\/webantigua\/wp-json\/wp\/v2\/posts\/253"}],"collection":[{"href":"https:\/\/iesomendavia.educacion.navarra.es\/web1\/webantigua\/wp-json\/wp\/v2\/posts"}],"about":[{"href":"https:\/\/iesomendavia.educacion.navarra.es\/web1\/webantigua\/wp-json\/wp\/v2\/types\/post"}],"author":[{"embeddable":true,"href":"https:\/\/iesomendavia.educacion.navarra.es\/web1\/webantigua\/wp-json\/wp\/v2\/users\/2"}],"replies":[{"embeddable":true,"href":"https:\/\/iesomendavia.educacion.navarra.es\/web1\/webantigua\/wp-json\/wp\/v2\/comments?post=253"}],"version-history":[{"count":0,"href":"https:\/\/iesomendavia.educacion.navarra.es\/web1\/webantigua\/wp-json\/wp\/v2\/posts\/253\/revisions"}],"wp:attachment":[{"href":"https:\/\/iesomendavia.educacion.navarra.es\/web1\/webantigua\/wp-json\/wp\/v2\/media?parent=253"}],"wp:term":[{"taxonomy":"category","embeddable":true,"href":"https:\/\/iesomendavia.educacion.navarra.es\/web1\/webantigua\/wp-json\/wp\/v2\/categories?post=253"},{"taxonomy":"post_tag","embeddable":true,"href":"https:\/\/iesomendavia.educacion.navarra.es\/web1\/webantigua\/wp-json\/wp\/v2\/tags?post=253"}],"curies":[{"name":"wp","href":"https:\/\/api.w.org\/{rel}","templated":true}]}}