{"id":248,"date":"2013-02-08T11:16:24","date_gmt":"2013-02-08T10:16:24","guid":{"rendered":"https:\/\/iesomendavia.educacion.navarra.es\/web1\/webantigua\/2013\/02\/08\/semana-verde-2014\/"},"modified":"2013-02-08T11:16:24","modified_gmt":"2013-02-08T10:16:24","slug":"semana-verde-2014","status":"publish","type":"post","link":"https:\/\/iesomendavia.educacion.navarra.es\/web1\/webantigua\/2013\/02\/08\/semana-verde-2014\/","title":{"rendered":"Semana Verde 2014"},"content":{"rendered":"<p><a href=\"https:\/\/drive.google.com\/file\/d\/0BwVoZ6bY9mWPVjE2bFlwc2FWa0U\/edit?usp=sharing\" target=\"_blank\"><img loading=\"lazy\" class=\" size-full wp-image-247\" src=\"https:\/\/iesomendavia.educacion.navarra.es\/web1\/webantigua\/wp-content\/uploads\/sites\/4\/2013\/02\/IMG-20140313-WA0002.jpg\" width=\"488\" height=\"275\" alt=\"IMG-20140313-WA0002\" srcset=\"https:\/\/iesomendavia.educacion.navarra.es\/web1\/webantigua\/wp-content\/uploads\/sites\/4\/2013\/02\/IMG-20140313-WA0002.jpg 1000w, https:\/\/iesomendavia.educacion.navarra.es\/web1\/webantigua\/wp-content\/uploads\/sites\/4\/2013\/02\/IMG-20140313-WA0002-300x169.jpg 300w, https:\/\/iesomendavia.educacion.navarra.es\/web1\/webantigua\/wp-content\/uploads\/sites\/4\/2013\/02\/IMG-20140313-WA0002-768x432.jpg 768w\" sizes=\"(max-width: 488px) 100vw, 488px\" \/><\/a>&nbsp;&nbsp;<\/p>\n<p style=\"margin-bottom: 0.0001pt; text-align: center;\">&nbsp;<\/p>\n<p style=\"text-align: center;\"><strong>En este v\u00eddeo pod\u00e9is ver las im\u00e1genes de &nbsp;esta aventura en Bertiz<\/strong><\/p>\n","protected":false},"excerpt":{"rendered":"<p>&nbsp;&nbsp; &nbsp; En este v\u00eddeo pod\u00e9is ver las im\u00e1genes de &nbsp;esta aventura en Bertiz<\/p>\n","protected":false},"author":2,"featured_media":247,"comment_status":"closed","ping_status":"closed","sticky":false,"template":"","format":"standard","meta":[],"categories":[43],"tags":[],"_links":{"self":[{"href":"https:\/\/iesomendavia.educacion.navarra.es\/web1\/webantigua\/wp-json\/wp\/v2\/posts\/248"}],"collection":[{"href":"https:\/\/iesomendavia.educacion.navarra.es\/web1\/webantigua\/wp-json\/wp\/v2\/posts"}],"about":[{"href":"https:\/\/iesomendavia.educacion.navarra.es\/web1\/webantigua\/wp-json\/wp\/v2\/types\/post"}],"author":[{"embeddable":true,"href":"https:\/\/iesomendavia.educacion.navarra.es\/web1\/webantigua\/wp-json\/wp\/v2\/users\/2"}],"replies":[{"embeddable":true,"href":"https:\/\/iesomendavia.educacion.navarra.es\/web1\/webantigua\/wp-json\/wp\/v2\/comments?post=248"}],"version-history":[{"count":0,"href":"https:\/\/iesomendavia.educacion.navarra.es\/web1\/webantigua\/wp-json\/wp\/v2\/posts\/248\/revisions"}],"wp:featuredmedia":[{"embeddable":true,"href":"https:\/\/iesomendavia.educacion.navarra.es\/web1\/webantigua\/wp-json\/wp\/v2\/media\/247"}],"wp:attachment":[{"href":"https:\/\/iesomendavia.educacion.navarra.es\/web1\/webantigua\/wp-json\/wp\/v2\/media?parent=248"}],"wp:term":[{"taxonomy":"category","embeddable":true,"href":"https:\/\/iesomendavia.educacion.navarra.es\/web1\/webantigua\/wp-json\/wp\/v2\/categories?post=248"},{"taxonomy":"post_tag","embeddable":true,"href":"https:\/\/iesomendavia.educacion.navarra.es\/web1\/webantigua\/wp-json\/wp\/v2\/tags?post=248"}],"curies":[{"name":"wp","href":"https:\/\/api.w.org\/{rel}","templated":true}]}}